{"id":1049,"date":"2016-11-21T22:43:40","date_gmt":"2016-11-21T21:43:40","guid":{"rendered":"https:\/\/pbellevue.libreedu.ovh\/productions\/wpcdi\/?p=1049"},"modified":"2017-01-22T18:20:27","modified_gmt":"2017-01-22T17:20:27","slug":"rencontre-des-2nde7-avec-colin-niel","status":"publish","type":"post","link":"https:\/\/pbellevue.libreedu.ovh\/productions\/wpcdi\/index.php\/2016\/11\/21\/rencontre-des-2nde7-avec-colin-niel\/","title":{"rendered":"Rencontre des 2nde7 avec Colin Niel"},"content":{"rendered":"<div>Colin Niel est ing\u00e9nieur en environnement, sp\u00e9cialis\u00e9 dans la pr\u00e9servation de la biodiversit\u00e9.<\/div>\n<p style=\"text-align: justify;\">Il a quitt\u00e9 la m\u00e9tropole apr\u00e8s ses \u00e9tudes pour travailler en Guyane \u00e0 la cr\u00e9ation du Parc national amazonien. Ces six ann\u00e9es lui ont permis de c\u00f4toyer les nombreuses cultures de la r\u00e9gion et notamment les populations alukus et ndjukas du fleuve Maroni. Il a ensuite \u00e9t\u00e9 directeur adjoint du Parc national de Guadeloupe jusqu\u2019en 2014. Les trois romans qui forment le cycle autour duquel nous l\u2019avons rencontr\u00e9,<em> Les hamacs de carton<\/em>, <em>Ce qui reste en for\u00eat <\/em>et<em> Obia <\/em>sont \u00e9dit\u00e9s aux Editions du Rouergue, puis chez Actes Sud.<span face=\"Calibri\"><br \/>\n<\/span><\/p>\n<p style=\"text-align: justify;\">Les \u00e9l\u00e8ves de la classe de 2nde7 rendent compte, \u00e0 leur mani\u00e8re, de la rencontre avec cet auteur plusieurs fois prim\u00e9 pour son dernier roman<em> Obia<\/em>,\u00a0 au mois de septembre dernier, dans le cadre du festival Lisle Noir.<\/p>\n<p>&nbsp;<\/p>\n<p>&nbsp;<\/p>\n<div style=\"text-align: center;\">\n<p><iframe loading=\"lazy\" width=\"480\" height=\"300\" style=\"margin: 0 auto;\" src=\"\/\/v.calameo.com\/?bkcode=004575008e7cfaa48244a&amp;mode=mini\" frameborder=\"0\" scrolling=\"no\" allowtransparency=\"\" allowfullscreen=\"allowfullscreen\"><\/iframe><\/p>\n<div style=\"margin: 4px 0px 8px;\">\n<p><a href=\"http:\/\/www.calameo.com\/\" target=\"_blank\"><\/a><\/p>\n<\/div>\n<\/div>\n","protected":false},"excerpt":{"rendered":"<p>Colin Niel est ing\u00e9nieur en environnement, sp\u00e9cialis\u00e9 dans la pr\u00e9servation de la biodiversit\u00e9. Il a quitt\u00e9 la m\u00e9tropole apr\u00e8s ses \u00e9tudes pour travailler en Guyane \u00e0 la cr\u00e9ation du Parc national amazonien. Ces six ann\u00e9es lui ont permis de c\u00f4toyer les nombreuses cultures de la r\u00e9gion et notamment les populations alukus et ndjukas du fleuve [&hellip;]<\/p>\n","protected":false},"author":1,"featured_media":0,"comment_status":"closed","ping_status":"closed","sticky":false,"template":"","format":"standard","meta":{"ngg_post_thumbnail":0},"categories":[11],"tags":[],"blocksy_meta":{"styles_descriptor":{"styles":{"desktop":"","tablet":"","mobile":""},"google_fonts":[],"version":6}},"_links":{"self":[{"href":"https:\/\/pbellevue.libreedu.ovh\/productions\/wpcdi\/index.php\/wp-json\/wp\/v2\/posts\/1049"}],"collection":[{"href":"https:\/\/pbellevue.libreedu.ovh\/productions\/wpcdi\/index.php\/wp-json\/wp\/v2\/posts"}],"about":[{"href":"https:\/\/pbellevue.libreedu.ovh\/productions\/wpcdi\/index.php\/wp-json\/wp\/v2\/types\/post"}],"author":[{"embeddable":true,"href":"https:\/\/pbellevue.libreedu.ovh\/productions\/wpcdi\/index.php\/wp-json\/wp\/v2\/users\/1"}],"replies":[{"embeddable":true,"href":"https:\/\/pbellevue.libreedu.ovh\/productions\/wpcdi\/index.php\/wp-json\/wp\/v2\/comments?post=1049"}],"version-history":[{"count":6,"href":"https:\/\/pbellevue.libreedu.ovh\/productions\/wpcdi\/index.php\/wp-json\/wp\/v2\/posts\/1049\/revisions"}],"predecessor-version":[{"id":1290,"href":"https:\/\/pbellevue.libreedu.ovh\/productions\/wpcdi\/index.php\/wp-json\/wp\/v2\/posts\/1049\/revisions\/1290"}],"wp:attachment":[{"href":"https:\/\/pbellevue.libreedu.ovh\/productions\/wpcdi\/index.php\/wp-json\/wp\/v2\/media?parent=1049"}],"wp:term":[{"taxonomy":"category","embeddable":true,"href":"https:\/\/pbellevue.libreedu.ovh\/productions\/wpcdi\/index.php\/wp-json\/wp\/v2\/categories?post=1049"},{"taxonomy":"post_tag","embeddable":true,"href":"https:\/\/pbellevue.libreedu.ovh\/productions\/wpcdi\/index.php\/wp-json\/wp\/v2\/tags?post=1049"}],"curies":[{"name":"wp","href":"https:\/\/api.w.org\/{rel}","templated":true}]}}