{"id":1061,"date":"2016-11-12T16:34:36","date_gmt":"2016-11-12T15:34:36","guid":{"rendered":"https:\/\/pbellevue.libreedu.ovh\/productions\/wpcdi\/?p=1061"},"modified":"2016-11-13T15:51:43","modified_gmt":"2016-11-13T14:51:43","slug":"la-critique-de-jamil","status":"publish","type":"post","link":"https:\/\/pbellevue.libreedu.ovh\/productions\/wpcdi\/index.php\/2016\/11\/12\/la-critique-de-jamil\/","title":{"rendered":"La critique de Jamil"},"content":{"rendered":"<h1 align=\"CENTER\"><span style=\"color: #008080;\" color=\"#000000\"> <span face=\"Calibri, sans-serif\"><span size=\"4\"><span size=\"4\">Le fils de Jean<\/span><\/span><\/span><\/span><\/h1>\n<h1 align=\"CENTER\"><span style=\"color: #008080;\" color=\"#000000\"><span face=\"Calibri, sans-serif\"><span size=\"4\">Un film bouleversant<\/span><\/span><\/span><\/h1>\n<h3 align=\"CENTER\"><span color=\"#000000\"><span face=\"Calibri, sans-serif\"><span size=\"4\">par Jamil<\/span><\/span><\/span><\/h3>\n<p align=\"JUSTIFY\"><em><strong><span color=\"#000000\"><span face=\"Calibri, sans-serif\"><span size=\"4\">Le fils de Jean<\/span><\/span><\/span><\/strong><\/em><span color=\"#000000\"><span face=\"Calibri, sans-serif\"><span size=\"4\"> raconte l&rsquo;histoire de Mathieu qui apprend que son vrai p\u00e8re, qu&rsquo;il n&rsquo;a jamais connu, est mort. Il va donc au Qu\u00e9bec, la patrie de ce p\u00e8re inconnu. Et, \u00e0 partir de l\u00e0, nous allons suivre Mathieu au Qu\u00e9bec. Philippe Lioret traite des liens familiaux forts notamment p\u00e8re\/ fils et fr\u00e8re \/ s\u0153ur, comme lors de la sc\u00e8ne o\u00f9 Mathieu d\u00e9cide de partir au Canada malgr\u00e9 la comp\u00e9tition de judo de son fils\u00a0: il va donc parler \u00e0 l&rsquo;enfant, s&rsquo; excuser de son absence et lui promettre de rentrer le plus t\u00f4t possible pour assister \u00e0 sa comp\u00e9tition. Durant tout le film, cette promesse l&rsquo;accompagne et il va vouloir rentrer plus t\u00f4t pour son fils. <\/span><\/span><\/span><\/p>\n<p align=\"JUSTIFY\"><span color=\"#000000\"><span face=\"Calibri, sans-serif\"><span size=\"4\">Philippe Lioret met tr\u00e8s bien en sc\u00e8ne ces relations gr\u00e2ce \u00e0 des acteurs qui se plongent dans leur r\u00f4le tels que <\/span><\/span><\/span><a href=\"http:\/\/www.allocine.fr\/personne\/fichepersonne_gen_cpersonne=220884.html\"><span color=\"#000000\"><span face=\"Calibri, sans-serif\"><span size=\"4\">Pierre Deladonchamps<\/span><\/span><\/span><\/a><span color=\"#000000\"><span face=\"Calibri, sans-serif\"><span size=\"4\"> <\/span><\/span><\/span><span color=\"#000000\"><span face=\"Calibri, sans-serif\"><span size=\"4\">dans le r\u00f4le de <\/span><\/span><\/span><span color=\"#000000\"><span face=\"Calibri, sans-serif\"><span size=\"4\"><span lang=\"zxx\">Mathieu<\/span><\/span><\/span><\/span><span color=\"#000000\"><span face=\"Calibri, sans-serif\"><span size=\"4\"> et Gabriel Arcand <\/span><\/span><\/span><span color=\"#000000\"><span face=\"Calibri, sans-serif\"><span size=\"4\"> d<\/span><\/span><\/span><span color=\"#000000\"><span face=\"Calibri, sans-serif\"><span size=\"4\">ans le r\u00f4le de Pierre, celui qui se pr\u00e9sente comme l&rsquo;ami du p\u00e8re de Mathieu, mais qui est bien plus que \u00e7a.<\/span><\/span><\/span><\/p>\n<p align=\"JUSTIFY\"><span color=\"#000000\"><span face=\"Calibri, sans-serif\"><span size=\"4\">Il nous montre aussi qu\u2019une famille reste une famille malgr\u00e9 les distances, comme celle qui s\u00e9pare Bettina, la fille de Pierre, de sa famille. La jeune femme habite de l&rsquo;autre c\u00f4t\u00e9 du continent, \u00e0 Vancouver, et elle revient tout de m\u00eame au Qu\u00e9bec pour l&rsquo;enterrement de Jean, l&rsquo;ami de son p\u00e8re. Il y a bien s\u00fbr Mathieu qui traverse l\u2019oc\u00e9an pour conna\u00eetre sa famille, assister \u00e0 l&rsquo;enterrement de son p\u00e8re et, ce qui est bouleversant, en trouver un. <\/span><\/span><\/span><\/p>\n","protected":false},"excerpt":{"rendered":"<p>Le fils de Jean Un film bouleversant par Jamil Le fils de Jean raconte l&rsquo;histoire de Mathieu qui apprend que son vrai p\u00e8re, qu&rsquo;il n&rsquo;a jamais connu, est mort. Il va donc au Qu\u00e9bec, la patrie de ce p\u00e8re inconnu. Et, \u00e0 partir de l\u00e0, nous allons suivre Mathieu au Qu\u00e9bec. Philippe Lioret traite des [&hellip;]<\/p>\n","protected":false},"author":1,"featured_media":0,"comment_status":"closed","ping_status":"closed","sticky":false,"template":"","format":"standard","meta":{"ngg_post_thumbnail":0},"categories":[9,14],"tags":[],"blocksy_meta":{"styles_descriptor":{"styles":{"desktop":"","tablet":"","mobile":""},"google_fonts":[],"version":6}},"_links":{"self":[{"href":"https:\/\/pbellevue.libreedu.ovh\/productions\/wpcdi\/index.php\/wp-json\/wp\/v2\/posts\/1061"}],"collection":[{"href":"https:\/\/pbellevue.libreedu.ovh\/productions\/wpcdi\/index.php\/wp-json\/wp\/v2\/posts"}],"about":[{"href":"https:\/\/pbellevue.libreedu.ovh\/productions\/wpcdi\/index.php\/wp-json\/wp\/v2\/types\/post"}],"author":[{"embeddable":true,"href":"https:\/\/pbellevue.libreedu.ovh\/productions\/wpcdi\/index.php\/wp-json\/wp\/v2\/users\/1"}],"replies":[{"embeddable":true,"href":"https:\/\/pbellevue.libreedu.ovh\/productions\/wpcdi\/index.php\/wp-json\/wp\/v2\/comments?post=1061"}],"version-history":[{"count":2,"href":"https:\/\/pbellevue.libreedu.ovh\/productions\/wpcdi\/index.php\/wp-json\/wp\/v2\/posts\/1061\/revisions"}],"predecessor-version":[{"id":1078,"href":"https:\/\/pbellevue.libreedu.ovh\/productions\/wpcdi\/index.php\/wp-json\/wp\/v2\/posts\/1061\/revisions\/1078"}],"wp:attachment":[{"href":"https:\/\/pbellevue.libreedu.ovh\/productions\/wpcdi\/index.php\/wp-json\/wp\/v2\/media?parent=1061"}],"wp:term":[{"taxonomy":"category","embeddable":true,"href":"https:\/\/pbellevue.libreedu.ovh\/productions\/wpcdi\/index.php\/wp-json\/wp\/v2\/categories?post=1061"},{"taxonomy":"post_tag","embeddable":true,"href":"https:\/\/pbellevue.libreedu.ovh\/productions\/wpcdi\/index.php\/wp-json\/wp\/v2\/tags?post=1061"}],"curies":[{"name":"wp","href":"https:\/\/api.w.org\/{rel}","templated":true}]}}