{"id":1065,"date":"2016-11-12T16:36:45","date_gmt":"2016-11-12T15:36:45","guid":{"rendered":"https:\/\/pbellevue.libreedu.ovh\/productions\/wpcdi\/?p=1065"},"modified":"2016-11-13T15:49:48","modified_gmt":"2016-11-13T14:49:48","slug":"la-critique-de-pauline","status":"publish","type":"post","link":"https:\/\/pbellevue.libreedu.ovh\/productions\/wpcdi\/index.php\/2016\/11\/12\/la-critique-de-pauline\/","title":{"rendered":"La critique de Pauline"},"content":{"rendered":"<h1 align=\"CENTER\"><span style=\"color: #000080;\" color=\"#ff0066\"><span face=\"Calibri, sans-serif\"><span size=\"4\">LE FILS DE JEAN<\/span><\/span><\/span><\/h1>\n<h3 align=\"CENTER\"><span color=\"#000000\"><span face=\"Calibri, sans-serif\"><span size=\"4\">Par Pauline<\/span><\/span><\/span><\/h3>\n<p align=\"JUSTIFY\"><span face=\"Calibri, sans-serif\"><span size=\"3\"><em><strong>Le fils de Jean<\/strong><\/em> raconte l&rsquo;histoire de Mathieu, qui n&rsquo;a jamais connu son p\u00e8re. Mais un jour, il re\u00e7oit un appel venant du Canada qui lui apprend le d\u00e9c\u00e8s de ce p\u00e8re inconnu. Il d\u00e9cide donc d&rsquo;aller au Canada pour l\u2019enterrement et pour conna\u00eetre sa famille ainsi que ses deux fr\u00e8res. <span color=\"#000000\">Pierre, un ami de Jean, m\u00e9decin comme lui, accueille Mathieu \u00e0 son arriv\u00e9e au Qu\u00e9bec\u00a0; il est le seul, en d\u00e9finitive, \u00e0 savoir tout au long du film, qui est Mathieu. Mathieu, lui, est loin d&rsquo;imaginer la tournure que va prendre son voyage canad<\/span>ien.<\/span><\/span><\/p>\n<p align=\"JUSTIFY\"><span face=\"Calibri, sans-serif\"><span size=\"3\">Le fils de Jean, sorti le 31 ao\u00fbt 2016, est le dernier film de de Philippe Lioret. Ce r\u00e9alisateur r\u00e9alise en grande partie des films dramatiques comme celui-ci.<\/span><\/span><\/p>\n<p align=\"JUSTIFY\"><span face=\"Calibri, sans-serif\"><span size=\"3\">L&rsquo;un des deux grands th\u00e8mes pr\u00e9sent tout au long du film est pour mo<span color=\"#000000\">i le lien paternel. On le retrouve de nombreuses fois \u00e9voqu\u00e9 dans plusieurs sc\u00e8nes. Il est pr\u00e9sent \u00e0 travers le personnage<\/span><span color=\"#0000ff\"> <\/span>de Mathieu qui ne conna\u00eet pas son p\u00e8re mais aussi avec les petites filles de Pierre qui ne voient pas souvent leur p\u00e8re car leur m\u00e8re n&rsquo;a plus aucune nouvelle de lui. Le deuxi\u00e8me th\u00e8me qui est mis en valeur durant le film est la qu\u00eate de Mathieu sur ses origines. On se rend compte que Mathieu est boulevers\u00e9 par le fait de d\u00e9couvrir les fils de Jean, Samuel et Benjamin. L&rsquo;attitude de l&rsquo;un de ses fr\u00e8res, qui semble avoir avec des probl\u00e8mes d&rsquo;argent malgr\u00e9 son m\u00e9tier d&rsquo;avocat et qui veut absolument retrouver le corps de son p\u00e8re pour pouvoir obtenir l&rsquo;h\u00e9ritage, \u00e9nerve et d\u00e9\u00e7oit beaucoup Mathieu.<\/span><\/span><\/p>\n<p align=\"JUSTIFY\"><span face=\"Calibri, sans-serif\"><span size=\"3\">Philippe Lioret a une mani\u00e8re tr\u00e8s personnelle de filmer les personnages. Dans cette histoire, les personnages sont relativement \u00e9loign\u00e9s par leur situation g\u00e9ographique mais pourtant Lioret les rapproche en les filmant de pr\u00e8s, d&rsquo;une mani\u00e8re bien centr\u00e9e sur le visages des acteurs, ce qui nous permet de voir \u00e0 quel point les acteurs incarnent leurs personnages dans leurs expressions du visage. Je me souviens en particulier de la sc\u00e8ne o\u00f9 Angie dit \u00e0 Matthieu que Pierre est atteint d&rsquo;un cancer\u00a0: Lioret se rapproche du visage de Mathieu et on peut y voir de la tristesse. <\/span><\/span><\/p>\n<p align=\"JUSTIFY\"><span face=\"Calibri, sans-serif\"><span color=\"#000000\"><span size=\"3\">L&rsquo;histoire devient alors l&rsquo;enqu\u00eate de Matthieu pour <\/span><\/span>r\u00e9soudre<span color=\"#000000\"><span size=\"3\"> l&rsquo;\u00e9nigme de son origine<\/span><\/span><span size=\"3\">. Tout au long du film, on s&rsquo;aper\u00e7oit qu&rsquo;il y a plusieurs indices sur l&rsquo;identit\u00e9 de son p\u00e8re comme des photos dans les albums photos mais aussi le st\u00e9thoscope rouge de son p\u00e8re. La chute du film \u2013 et donc la r\u00e9v\u00e9lation de l&rsquo;identit\u00e9 du p\u00e8re &#8211; est tr\u00e8s bien construite, car tout le long du film on pense, tout comme Matthieu, que c&rsquo;est Jean \u2013 le personnage du titre &#8211; le p\u00e8re <\/span><span size=\"3\">alors que non\u00a0: ce n&rsquo;est pas lui mais Pierre <\/span><span size=\"3\">qui est celui qui a mont\u00e9 toute cette histoire. <\/span><\/span><\/p>\n<p align=\"JUSTIFY\"><span face=\"Calibri, sans-serif\"><span size=\"3\">La sc\u00e8ne qui m&rsquo;a le plus marqu\u00e9e dans ce film est celle o\u00f9 la femme de Pierre comprend que Mathieu est le fils de Pierre et que celui-ci a donc eu une liaison avec une autre femme. Cette sc\u00e8ne est film\u00e9e de fa\u00e7on particuli\u00e8re car les personnages ne parlent pas. Ils se regardent juste \u00e0 travers le r\u00e9troviseur de la voiture et c&rsquo;est dans le regard de Mathieu qu&rsquo;Angie, la femme de Pierre, comprend toute l&rsquo;histoire cach\u00e9e par son mari. Je trouve \u00e9galement que ce film est tr\u00e8s bien construit car la premi\u00e8re image du film montre le p\u00e8re adoptif de Mathieu qui est dans la salle de bain en train de se raser et la derni\u00e8re image du film montre le p\u00e8re biologique de Mathieu qui quitte l\u2019a\u00e9roport apr\u00e8s avoir laiss\u00e9 Mathieu prendre son avion en direction de la France, accompagn\u00e9 de sa femme (Angie), sa fille (Bettina) et ses deux petites filles. Cela nous montre l&rsquo;\u00e9volution de la qu\u00eate de Matthieu dans le film.<\/span><\/span><\/p>\n","protected":false},"excerpt":{"rendered":"<p>LE FILS DE JEAN Par Pauline Le fils de Jean raconte l&rsquo;histoire de Mathieu, qui n&rsquo;a jamais connu son p\u00e8re. Mais un jour, il re\u00e7oit un appel venant du Canada qui lui apprend le d\u00e9c\u00e8s de ce p\u00e8re inconnu. Il d\u00e9cide donc d&rsquo;aller au Canada pour l\u2019enterrement et pour conna\u00eetre sa famille ainsi que ses [&hellip;]<\/p>\n","protected":false},"author":1,"featured_media":0,"comment_status":"closed","ping_status":"closed","sticky":false,"template":"","format":"standard","meta":{"ngg_post_thumbnail":0},"categories":[9,14],"tags":[],"blocksy_meta":{"styles_descriptor":{"styles":{"desktop":"","tablet":"","mobile":""},"google_fonts":[],"version":6}},"_links":{"self":[{"href":"https:\/\/pbellevue.libreedu.ovh\/productions\/wpcdi\/index.php\/wp-json\/wp\/v2\/posts\/1065"}],"collection":[{"href":"https:\/\/pbellevue.libreedu.ovh\/productions\/wpcdi\/index.php\/wp-json\/wp\/v2\/posts"}],"about":[{"href":"https:\/\/pbellevue.libreedu.ovh\/productions\/wpcdi\/index.php\/wp-json\/wp\/v2\/types\/post"}],"author":[{"embeddable":true,"href":"https:\/\/pbellevue.libreedu.ovh\/productions\/wpcdi\/index.php\/wp-json\/wp\/v2\/users\/1"}],"replies":[{"embeddable":true,"href":"https:\/\/pbellevue.libreedu.ovh\/productions\/wpcdi\/index.php\/wp-json\/wp\/v2\/comments?post=1065"}],"version-history":[{"count":2,"href":"https:\/\/pbellevue.libreedu.ovh\/productions\/wpcdi\/index.php\/wp-json\/wp\/v2\/posts\/1065\/revisions"}],"predecessor-version":[{"id":1075,"href":"https:\/\/pbellevue.libreedu.ovh\/productions\/wpcdi\/index.php\/wp-json\/wp\/v2\/posts\/1065\/revisions\/1075"}],"wp:attachment":[{"href":"https:\/\/pbellevue.libreedu.ovh\/productions\/wpcdi\/index.php\/wp-json\/wp\/v2\/media?parent=1065"}],"wp:term":[{"taxonomy":"category","embeddable":true,"href":"https:\/\/pbellevue.libreedu.ovh\/productions\/wpcdi\/index.php\/wp-json\/wp\/v2\/categories?post=1065"},{"taxonomy":"post_tag","embeddable":true,"href":"https:\/\/pbellevue.libreedu.ovh\/productions\/wpcdi\/index.php\/wp-json\/wp\/v2\/tags?post=1065"}],"curies":[{"name":"wp","href":"https:\/\/api.w.org\/{rel}","templated":true}]}}