{"id":1141,"date":"2016-11-27T22:23:56","date_gmt":"2016-11-27T21:23:56","guid":{"rendered":"https:\/\/pbellevue.libreedu.ovh\/productions\/wpcdi\/?p=1141"},"modified":"2016-11-27T22:28:31","modified_gmt":"2016-11-27T21:28:31","slug":"le-fils-de-jean","status":"publish","type":"post","link":"https:\/\/pbellevue.libreedu.ovh\/productions\/wpcdi\/index.php\/2016\/11\/27\/le-fils-de-jean\/","title":{"rendered":"Fragments de nos carnets &#8211; \u00e0 la sortie du film"},"content":{"rendered":"<h1 align=\"CENTER\"><span face=\"Calibri\"><span size=\"4\">A propos du film de Philippe Lioret, Le Fils de Jean <\/span><\/span><\/h1>\n<p><span style=\"color: #003366;\"><strong><span face=\"Calibri\">Fragments de nos carnets \u2013 \u00e0 la sortie du film<\/span><\/strong><\/span><\/p>\n<ul>\n<li><span face=\"Calibri\">\u00ab\u00a0Je me suis perdue. Ce film est dramatique, joue avec les sentiments et le sc\u00e9nario est plein de rebondissements. J\u2019ai \u00e9t\u00e9 surprise par la dispute entre fr\u00e8res. La sc\u00e8ne qui m\u2019a marqu\u00e9e\u00a0: entre Matthieu et Bettina, dans la chambre\u00a0; s\u00e9duction puis r\u00e9v\u00e9lation \u2013 ils sont fr\u00e8re et s\u0153ur. La cam\u00e9ra est proche des personnages et souvent l\u2019arri\u00e8re-plan est flou\u00a0; c\u2019est une mani\u00e8re d\u2019int\u00e9grer le spectateur \u00e0 l\u2019histoire.\u00bb <\/span><span face=\"Apple Chancery\">\u00ab\u00a0<\/span><\/li>\n<\/ul>\n<ul>\n<li><span face=\"Calibri\">\u00ab\u00a0J\u2019ai \u00e9t\u00e9 surprise par l\u2019intrigue\u00a0; je ne m\u2019attendais pas \u00e0 \u00e7a. Deux mots pour r\u00e9sumer\u00a0: suspense et tristesse.\u00a0\u00bb<\/span><\/li>\n<li><span face=\"Calibri\">\u00ab\u00a0J\u2019ai \u00e9t\u00e9 touch\u00e9e et emball\u00e9e. Le film m\u2019a chamboul\u00e9e. J\u2019ai \u00e9t\u00e9 \u00e0 la fois satisfaite du d\u00e9nouement et d\u00e9\u00e7ue\u00a0: la fin me perturbe \u2026\u00a0ce d\u00e9part \u2026 car si on ne conna\u00eet pas la suite, on peut toutefois l\u2019imaginer.\u00a0\u00bb <\/span><span face=\"Apple Chancery\">\u00ab\u00a0<\/span><\/li>\n<li><span face=\"Calibri\">\u00ab\u00a0Je me suis ennuy\u00e9e \u00e0 certains moments car il n\u2019y a pas d\u2019action. Ce qui m\u2019a choqu\u00e9e, c\u2019est que ce soit Pierre le p\u00e8re.\u00a0\u00bb <\/span><span face=\"Apple Chancery\">\u00ab\u00a0<\/span><\/li>\n<li><span face=\"Apple Chancery\">\u00ab\u00a0<\/span><span face=\"Calibri\">Emue et heureuse \u00e0 la fois, face \u00e0 un film rempli d\u2019\u00e9motions et de valeurs. C\u2019est un film assez complexe\u00a0: on croit savoir, on croit comprendre\u00a0; mais le film est en lui-m\u00eame un secret. Une sc\u00e8ne m\u2019a choqu\u00e9e\u00a0: le fils de Jean, l\u2019avocat, qui se lave dans le lac o\u00f9 repose le corps de son p\u00e8re.\u00a0\u00bb<\/span><\/li>\n<\/ul>\n<p><strong><span face=\"Calibri\"><span style=\"color: #003366;\">Mise en commun de nos r\u00e9ceptions<\/span> <\/span><\/strong><\/p>\n<p><span face=\"Calibri\"><strong>Les s\u00e9quences qui ont particuli\u00e8rement retenu notre attention\u00a0<\/strong>: (dans l\u2019ordre du film)<\/span><\/p>\n<ul>\n<li><span face=\"Calibri\">La sc\u00e8ne de la dispute entre les deux fr\u00e8res au bord du lac<\/span><\/li>\n<li><span face=\"Calibri\">R\u00e9cit des souvenirs de Pierre\u00a0: il est cens\u00e9 raconter ceux de Jean, mais on comprend apr\u00e8s que c\u2019\u00e9tait les siens. <\/span><\/li>\n<li><span face=\"Calibri\">Celle du piano o\u00f9 Pierre montre \u00e0 ses petites filles comment jouer la valse de Chopin\u00a0; le bonheur d\u2019Angie et de Bettina<\/span><\/li>\n<li><span face=\"Calibri\">Matthieu et Bettina sous la v\u00e9randa \/ la nuit \/ n\u2019arrivent pas dormir \u2013 intimit\u00e9, amour\u00a0?<\/span><\/li>\n<li><span face=\"Calibri\">Le moment o\u00f9 Matthieu comprend, quand Bettina voit le tableau<\/span><\/li>\n<li><span face=\"Calibri\">Matthieu est auscult\u00e9 par Pierre<\/span><\/li>\n<li><span face=\"Calibri\">Angie dans la cuisine, au moment du petit d\u00e9jeuner, avoue la maladie de Pierre \u00e0 Matthieu<\/span><\/li>\n<li><span face=\"Calibri\">Dans la voiture, vers l\u2019a\u00e9roport, quand Angie comprend qui est Matthieu et regarde alternativement son mari et Matthieu dans le r\u00e9troviseur. Elle a certainement compris avant \u2013 peut-\u00eatre quand elle demande \u00e0 Matthieu de convaincre Pierre de se soigner)<\/span><\/li>\n<li><span face=\"Calibri\">La derni\u00e8re s\u00e9quence \u00e0 l\u2019a\u00e9roport qu\u2019on a trouv\u00e9 d\u00e9chirante parce que, m\u00eame s\u2019ils se sont retrouv\u00e9s, ils ne se reverront certainement jamais<\/span><\/li>\n<\/ul>\n<p><strong><span style=\"color: #003366;\" face=\"Calibri\">On a r\u00e9fl\u00e9chi au trajet du film entre le premier et le dernier plan\u00a0: \u00ab\u00a0d\u2019un p\u00e8re \u00e0 l\u2019autre\u00a0\u00bb<\/span><\/strong><\/p>\n<p><strong><span face=\"Calibri\"><span style=\"color: #003366;\">Les \u00e9motions \u00e0 la r\u00e9ception<\/span> <\/span><\/strong><\/p>\n<ul>\n<li><span face=\"Calibri\">D\u00e9ception \u2013 rester sur sa fin \/ on aurait pr\u00e9f\u00e9r\u00e9 une happy end, car m\u00eame s\u2019ils se retrouvent, il y a tout de m\u00eame le cancer de Pierre -&gt; le film a laiss\u00e9 \u00e0 certains un go\u00fbt amer.<\/span><\/li>\n<li><span face=\"Calibri\">Les mots \u00ab\u00a0Touchant\u00a0\u00bb et \u00ab\u00a0Triste\u00a0\u00bb sont revenus souvent. <\/span><\/li>\n<li><span face=\"Calibri\">Certains ont compris tr\u00e8s vite que Pierre \u00e9tait le p\u00e8re\u00a0; certains d\u2019entre nous n\u2019\u00e9taient pas encore s\u00fbrs \u00e0 la fin du film.<\/span><\/li>\n<\/ul>\n<p><span style=\"color: #003366;\" face=\"Calibri\"><strong>Les th\u00e8mes qui nous ont int\u00e9ress\u00e9s\u00a0:<\/strong> <\/span><\/p>\n<ul>\n<li><span face=\"Calibri\">l\u2019h\u00e9ritage <\/span>\n<ul>\n<li><span face=\"Calibri\">dimension mat\u00e9rielle de l\u2019argent -&gt; recherche du corps devient sordide<\/span><\/li>\n<li><span face=\"Calibri\">dimension spirituelle (transmission de valeurs \u2026)<\/span><\/li>\n<\/ul>\n<\/li>\n<li><span face=\"Calibri\">la relation fraternelle (entre Sam et Ben\u00a0; Matthieu qui veut rencontrer \u00ab\u00a0ses fr\u00e8res\u00a0\u00bb et qui trouve en d\u00e9finitive une s\u0153ur \u00ab\u00a0Bettina\u00a0\u00bb <\/span><\/li>\n<li><span face=\"Calibri\">les relations p\u00e8re \/ fils\u00a0: l\u2019un d\u2019entre nous a dit que au d\u00e9but c\u2019\u00e9tait un fils qui partait chercher un p\u00e8re et en d\u00e9finitive c\u2019est un p\u00e8re qui trouve un fils.<\/span><\/li>\n<li><span face=\"Calibri\">la qu\u00eate des origines (qui on est)<\/span><\/li>\n<li><span face=\"Calibri\">les secrets de famille<\/span><\/li>\n<\/ul>\n<p><span style=\"color: #003366;\" face=\"Calibri\"><strong>La mani\u00e8re de filmer \/ de raconter cin\u00e9matographiquement<\/strong> <\/span><\/p>\n<ul>\n<li><span face=\"Calibri\">les d\u00e9tails significatifs\u00a0: on a remarqu\u00e9 que le r\u00e9alisateur mettait l\u2019accent sur certains objets, qui nous pouvaient nous donner la cl\u00e9, sans avoir besoin d\u2019insister\u00a0: <\/span>\n<ul>\n<li><span face=\"Calibri\">le tableau\u00a0: on a essay\u00e9 de suivre ce fil<\/span><\/li>\n<li><span face=\"Calibri\">le st\u00e9thoscope\u00a0: on se souvient de sa couleur \u00ab\u00a0rouge\u00a0\u00bb qui ne passe pas inaper\u00e7u dans un film qu\u2019on a trouv\u00e9 plut\u00f4t bleu\u00a0; on se souvient du moment o\u00f9 Pierre le donne \u00e0 Matthieu dans la cabane et le moment o\u00f9 ce dernier le lui tend pour l\u2019ausculter<\/span><\/li>\n<li><span face=\"Calibri\">les livres qui rapprochent Angie et Matthieu\u00a0; en plus, Matthieu \u00e9crit des romans policiers et donc il est question d\u2019enqu\u00eate<\/span><\/li>\n<li><span face=\"Calibri\">les photographies (l\u2019album photos qu\u2019Angie montre et dans lequel Matthieu demande de prendre une photo \u2013 o\u00f9 l\u2019on voit Pierre et Jean jeunes m\u00e9decins)<\/span><\/li>\n<\/ul>\n<\/li>\n<li><span face=\"Calibri\">l\u2019importance des regards (on est proche des personnages)\u00a0: on a beaucoup \u00e9voqu\u00e9 la sc\u00e8ne dans la voiture avec le jeu de regards dans le r\u00e9troviseur. <\/span><\/li>\n<\/ul>\n","protected":false},"excerpt":{"rendered":"<p>A propos du film de Philippe Lioret, Le Fils de Jean Fragments de nos carnets \u2013 \u00e0 la sortie du film \u00ab\u00a0Je me suis perdue. Ce film est dramatique, joue avec les sentiments et le sc\u00e9nario est plein de rebondissements. J\u2019ai \u00e9t\u00e9 surprise par la dispute entre fr\u00e8res. La sc\u00e8ne qui m\u2019a marqu\u00e9e\u00a0: entre Matthieu [&hellip;]<\/p>\n","protected":false},"author":1,"featured_media":0,"comment_status":"closed","ping_status":"closed","sticky":false,"template":"","format":"standard","meta":{"ngg_post_thumbnail":0},"categories":[9,14],"tags":[],"blocksy_meta":{"styles_descriptor":{"styles":{"desktop":"","tablet":"","mobile":""},"google_fonts":[],"version":6}},"_links":{"self":[{"href":"https:\/\/pbellevue.libreedu.ovh\/productions\/wpcdi\/index.php\/wp-json\/wp\/v2\/posts\/1141"}],"collection":[{"href":"https:\/\/pbellevue.libreedu.ovh\/productions\/wpcdi\/index.php\/wp-json\/wp\/v2\/posts"}],"about":[{"href":"https:\/\/pbellevue.libreedu.ovh\/productions\/wpcdi\/index.php\/wp-json\/wp\/v2\/types\/post"}],"author":[{"embeddable":true,"href":"https:\/\/pbellevue.libreedu.ovh\/productions\/wpcdi\/index.php\/wp-json\/wp\/v2\/users\/1"}],"replies":[{"embeddable":true,"href":"https:\/\/pbellevue.libreedu.ovh\/productions\/wpcdi\/index.php\/wp-json\/wp\/v2\/comments?post=1141"}],"version-history":[{"count":2,"href":"https:\/\/pbellevue.libreedu.ovh\/productions\/wpcdi\/index.php\/wp-json\/wp\/v2\/posts\/1141\/revisions"}],"predecessor-version":[{"id":1149,"href":"https:\/\/pbellevue.libreedu.ovh\/productions\/wpcdi\/index.php\/wp-json\/wp\/v2\/posts\/1141\/revisions\/1149"}],"wp:attachment":[{"href":"https:\/\/pbellevue.libreedu.ovh\/productions\/wpcdi\/index.php\/wp-json\/wp\/v2\/media?parent=1141"}],"wp:term":[{"taxonomy":"category","embeddable":true,"href":"https:\/\/pbellevue.libreedu.ovh\/productions\/wpcdi\/index.php\/wp-json\/wp\/v2\/categories?post=1141"},{"taxonomy":"post_tag","embeddable":true,"href":"https:\/\/pbellevue.libreedu.ovh\/productions\/wpcdi\/index.php\/wp-json\/wp\/v2\/tags?post=1141"}],"curies":[{"name":"wp","href":"https:\/\/api.w.org\/{rel}","templated":true}]}}