{"id":1239,"date":"2017-01-09T22:42:04","date_gmt":"2017-01-09T21:42:04","guid":{"rendered":"https:\/\/pbellevue.libreedu.ovh\/productions\/wpcdi\/?p=1239"},"modified":"2017-01-19T10:06:39","modified_gmt":"2017-01-19T09:06:39","slug":"rencontre-avec-michele-cabrera","status":"publish","type":"post","link":"https:\/\/pbellevue.libreedu.ovh\/productions\/wpcdi\/index.php\/2017\/01\/09\/rencontre-avec-michele-cabrera\/","title":{"rendered":"Rencontre avec Dominique Cabrera"},"content":{"rendered":"<p>Les \u00e9l\u00e8ves de 1ES ont rencontr\u00e9, dans le cadre du festival de Oeillades, la r\u00e9alisatrice<em><strong> Dominique Cabrera.<\/strong><\/em><\/p>\n<p>Ils ont pu assister en avant-premi\u00e8re \u00e0 la projection de son adaption du roman de Maylis de Kerangal <strong><em>Corniche Kennedy.<\/em><\/strong><\/p>\n<p>Compte-rendu en interview de cette belle rencontre.<\/p>\n<h2 style=\"text-align: center;\"><a href=\"https:\/\/pbellevue.libreedu.ovh\/productions\/wpcdi\/wp-content\/uploads\/LADENISE-POUGET-JOURDAN-Interwiew-D.Cabrera-1.png\"><img decoding=\"async\" loading=\"lazy\" src=\"https:\/\/pbellevue.libreedu.ovh\/productions\/wpcdi\/wp-content\/uploads\/LADENISE-POUGET-JOURDAN-Interwiew-D.Cabrera-1-724x1024.png\" alt=\"ladenise-pouget-jourdan-interwiew-d-cabrera-1\" class=\"aligncenter wp-image-1244\" width=\"400\" height=\"566\" srcset=\"https:\/\/pbellevue.libreedu.ovh\/productions\/wpcdi\/wp-content\/uploads\/LADENISE-POUGET-JOURDAN-Interwiew-D.Cabrera-1-724x1024.png 724w, https:\/\/pbellevue.libreedu.ovh\/productions\/wpcdi\/wp-content\/uploads\/LADENISE-POUGET-JOURDAN-Interwiew-D.Cabrera-1-212x300.png 212w, https:\/\/pbellevue.libreedu.ovh\/productions\/wpcdi\/wp-content\/uploads\/LADENISE-POUGET-JOURDAN-Interwiew-D.Cabrera-1-768x1087.png 768w, https:\/\/pbellevue.libreedu.ovh\/productions\/wpcdi\/wp-content\/uploads\/LADENISE-POUGET-JOURDAN-Interwiew-D.Cabrera-1.png 1653w\" sizes=\"(max-width: 400px) 100vw, 400px\" \/><\/a><a href=\"https:\/\/pbellevue.libreedu.ovh\/productions\/wpcdi\/wp-content\/uploads\/LADENISE-POUGET-JOURDAN-Interwiew-D.Cabrera.pdf\">L&rsquo;interview d&rsquo;A\u00efda, Agathe et Perrine<\/a><\/h2>\n<p>&nbsp;<\/p>\n<h2 style=\"text-align: center;\"><a href=\"https:\/\/pbellevue.libreedu.ovh\/productions\/wpcdi\/wp-content\/uploads\/CabreraRayane.jpg\"><img decoding=\"async\" loading=\"lazy\" src=\"https:\/\/pbellevue.libreedu.ovh\/productions\/wpcdi\/wp-content\/uploads\/CabreraRayane-724x1024.jpg\" alt=\"cabrerarayane\" class=\"aligncenter wp-image-1252\" width=\"350\" height=\"495\" srcset=\"https:\/\/pbellevue.libreedu.ovh\/productions\/wpcdi\/wp-content\/uploads\/CabreraRayane-724x1024.jpg 724w, https:\/\/pbellevue.libreedu.ovh\/productions\/wpcdi\/wp-content\/uploads\/CabreraRayane-212x300.jpg 212w, https:\/\/pbellevue.libreedu.ovh\/productions\/wpcdi\/wp-content\/uploads\/CabreraRayane-768x1086.jpg 768w, https:\/\/pbellevue.libreedu.ovh\/productions\/wpcdi\/wp-content\/uploads\/CabreraRayane.jpg 1240w\" sizes=\"(max-width: 350px) 100vw, 350px\" \/><\/a> <a href=\"https:\/\/pbellevue.libreedu.ovh\/productions\/wpcdi\/wp-content\/uploads\/CabreraRayane.pdf\">L&rsquo;interview de Rayane, Baptiste et Am\u00e9lia<\/a><\/h2>\n<p>&nbsp;<\/p>\n<p><a href=\"https:\/\/pbellevue.libreedu.ovh\/productions\/wpcdi\/wp-content\/uploads\/corniche-kennedy-Enora-1.png\"><img decoding=\"async\" loading=\"lazy\" src=\"https:\/\/pbellevue.libreedu.ovh\/productions\/wpcdi\/wp-content\/uploads\/corniche-kennedy-Enora-1-724x1024.png\" alt=\"corniche-kennedy-enora-1\" class=\"aligncenter wp-image-1240\" width=\"350\" height=\"495\" srcset=\"https:\/\/pbellevue.libreedu.ovh\/productions\/wpcdi\/wp-content\/uploads\/corniche-kennedy-Enora-1-724x1024.png 724w, https:\/\/pbellevue.libreedu.ovh\/productions\/wpcdi\/wp-content\/uploads\/corniche-kennedy-Enora-1-212x300.png 212w, https:\/\/pbellevue.libreedu.ovh\/productions\/wpcdi\/wp-content\/uploads\/corniche-kennedy-Enora-1-768x1087.png 768w, https:\/\/pbellevue.libreedu.ovh\/productions\/wpcdi\/wp-content\/uploads\/corniche-kennedy-Enora-1.png 1653w\" sizes=\"(max-width: 350px) 100vw, 350px\" \/><\/a><\/p>\n<h2 style=\"text-align: center;\"><a href=\"https:\/\/pbellevue.libreedu.ovh\/productions\/wpcdi\/wp-content\/uploads\/corniche-kennedy-Enora.pdf\">L&rsquo;interview d&rsquo;Enora<\/a><\/h2>\n<p>&nbsp;<\/p>\n<h2 style=\"text-align: center;\"><a href=\"https:\/\/pbellevue.libreedu.ovh\/productions\/wpcdi\/wp-content\/uploads\/victorine-1.png\"><img decoding=\"async\" loading=\"lazy\" src=\"https:\/\/pbellevue.libreedu.ovh\/productions\/wpcdi\/wp-content\/uploads\/victorine-1-724x1024.png\" alt=\"victorine-1\" class=\"aligncenter wp-image-1242\" width=\"350\" height=\"495\" srcset=\"https:\/\/pbellevue.libreedu.ovh\/productions\/wpcdi\/wp-content\/uploads\/victorine-1-724x1024.png 724w, https:\/\/pbellevue.libreedu.ovh\/productions\/wpcdi\/wp-content\/uploads\/victorine-1-212x300.png 212w, https:\/\/pbellevue.libreedu.ovh\/productions\/wpcdi\/wp-content\/uploads\/victorine-1-768x1087.png 768w, https:\/\/pbellevue.libreedu.ovh\/productions\/wpcdi\/wp-content\/uploads\/victorine-1.png 1653w\" sizes=\"(max-width: 350px) 100vw, 350px\" \/><\/a><a href=\"https:\/\/pbellevue.libreedu.ovh\/productions\/wpcdi\/wp-content\/uploads\/victorine.pdf\">L&rsquo;interview de Victorine Cassandra et Roxanne<\/a><\/h2>\n<p>&nbsp;<\/p>\n<h2 style=\"text-align: center;\">\u00a0<a href=\"https:\/\/pbellevue.libreedu.ovh\/productions\/wpcdi\/wp-content\/uploads\/interwiewdominiquecabrera_2-page0.jpg\"><img decoding=\"async\" loading=\"lazy\" src=\"https:\/\/pbellevue.libreedu.ovh\/productions\/wpcdi\/wp-content\/uploads\/interwiewdominiquecabrera_2-page0-724x1024.jpg\" alt=\"interwiewdominiquecabrera_2-page0\" class=\"aligncenter wp-image-1256\" width=\"350\" height=\"495\" srcset=\"https:\/\/pbellevue.libreedu.ovh\/productions\/wpcdi\/wp-content\/uploads\/interwiewdominiquecabrera_2-page0-724x1024.jpg 724w, https:\/\/pbellevue.libreedu.ovh\/productions\/wpcdi\/wp-content\/uploads\/interwiewdominiquecabrera_2-page0-212x300.jpg 212w, https:\/\/pbellevue.libreedu.ovh\/productions\/wpcdi\/wp-content\/uploads\/interwiewdominiquecabrera_2-page0-768x1086.jpg 768w, https:\/\/pbellevue.libreedu.ovh\/productions\/wpcdi\/wp-content\/uploads\/interwiewdominiquecabrera_2-page0.jpg 1240w\" sizes=\"(max-width: 350px) 100vw, 350px\" \/><\/a><a target=\"_blank\" href=\"https:\/\/pbellevue.libreedu.ovh\/productions\/wpcdi\/wp-content\/uploads\/interwiewdominiquecabrera-2.pdf\">L&rsquo;interview d&rsquo;Emma et Leona<\/a><\/h2>\n<p>&nbsp;<\/p>\n<p><a href=\"https:\/\/pbellevue.libreedu.ovh\/productions\/wpcdi\/wp-content\/uploads\/D.-Cabrera-interview-Barthe-Figeuira-Cabrolier-page-001.jpg\"><img decoding=\"async\" loading=\"lazy\" src=\"https:\/\/pbellevue.libreedu.ovh\/productions\/wpcdi\/wp-content\/uploads\/D.-Cabrera-interview-Barthe-Figeuira-Cabrolier-page-001-724x1024.jpg\" alt=\"d-cabrera-interview-barthe-figeuira-cabrolier-page-001\" class=\"aligncenter wp-image-1274\" width=\"350\" height=\"495\" srcset=\"https:\/\/pbellevue.libreedu.ovh\/productions\/wpcdi\/wp-content\/uploads\/D.-Cabrera-interview-Barthe-Figeuira-Cabrolier-page-001-724x1024.jpg 724w, https:\/\/pbellevue.libreedu.ovh\/productions\/wpcdi\/wp-content\/uploads\/D.-Cabrera-interview-Barthe-Figeuira-Cabrolier-page-001-212x300.jpg 212w, https:\/\/pbellevue.libreedu.ovh\/productions\/wpcdi\/wp-content\/uploads\/D.-Cabrera-interview-Barthe-Figeuira-Cabrolier-page-001-768x1086.jpg 768w, https:\/\/pbellevue.libreedu.ovh\/productions\/wpcdi\/wp-content\/uploads\/D.-Cabrera-interview-Barthe-Figeuira-Cabrolier-page-001.jpg 1240w\" sizes=\"(max-width: 350px) 100vw, 350px\" \/><\/a><a href=\"https:\/\/pbellevue.libreedu.ovh\/productions\/wpcdi\/wp-content\/uploads\/D.-Cabrera-interview-Barthe-Figeuira-Cabrolier.pdf\"><\/a><\/p>\n<h2 style=\"text-align: center;\"><a href=\"https:\/\/pbellevue.libreedu.ovh\/productions\/wpcdi\/wp-content\/uploads\/D.-Cabrera-interview-Barthe-Figeuira-Cabrolier.pdf\" target=\"_blank\">L&rsquo;interview de Carla, Camille et Alice<\/a><\/h2>\n<p style=\"text-align: center;\">\n","protected":false},"excerpt":{"rendered":"<p>Les \u00e9l\u00e8ves de 1ES ont rencontr\u00e9, dans le cadre du festival de Oeillades, la r\u00e9alisatrice Dominique Cabrera. Ils ont pu assister en avant-premi\u00e8re \u00e0 la projection de son adaption du roman de Maylis de Kerangal Corniche Kennedy. Compte-rendu en interview de cette belle rencontre. L&rsquo;interview d&rsquo;A\u00efda, Agathe et Perrine &nbsp; L&rsquo;interview de Rayane, Baptiste et [&hellip;]<\/p>\n","protected":false},"author":1,"featured_media":0,"comment_status":"closed","ping_status":"closed","sticky":false,"template":"","format":"standard","meta":{"ngg_post_thumbnail":0},"categories":[9,11],"tags":[],"blocksy_meta":{"styles_descriptor":{"styles":{"desktop":"","tablet":"","mobile":""},"google_fonts":[],"version":6}},"_links":{"self":[{"href":"https:\/\/pbellevue.libreedu.ovh\/productions\/wpcdi\/index.php\/wp-json\/wp\/v2\/posts\/1239"}],"collection":[{"href":"https:\/\/pbellevue.libreedu.ovh\/productions\/wpcdi\/index.php\/wp-json\/wp\/v2\/posts"}],"about":[{"href":"https:\/\/pbellevue.libreedu.ovh\/productions\/wpcdi\/index.php\/wp-json\/wp\/v2\/types\/post"}],"author":[{"embeddable":true,"href":"https:\/\/pbellevue.libreedu.ovh\/productions\/wpcdi\/index.php\/wp-json\/wp\/v2\/users\/1"}],"replies":[{"embeddable":true,"href":"https:\/\/pbellevue.libreedu.ovh\/productions\/wpcdi\/index.php\/wp-json\/wp\/v2\/comments?post=1239"}],"version-history":[{"count":8,"href":"https:\/\/pbellevue.libreedu.ovh\/productions\/wpcdi\/index.php\/wp-json\/wp\/v2\/posts\/1239\/revisions"}],"predecessor-version":[{"id":1275,"href":"https:\/\/pbellevue.libreedu.ovh\/productions\/wpcdi\/index.php\/wp-json\/wp\/v2\/posts\/1239\/revisions\/1275"}],"wp:attachment":[{"href":"https:\/\/pbellevue.libreedu.ovh\/productions\/wpcdi\/index.php\/wp-json\/wp\/v2\/media?parent=1239"}],"wp:term":[{"taxonomy":"category","embeddable":true,"href":"https:\/\/pbellevue.libreedu.ovh\/productions\/wpcdi\/index.php\/wp-json\/wp\/v2\/categories?post=1239"},{"taxonomy":"post_tag","embeddable":true,"href":"https:\/\/pbellevue.libreedu.ovh\/productions\/wpcdi\/index.php\/wp-json\/wp\/v2\/tags?post=1239"}],"curies":[{"name":"wp","href":"https:\/\/api.w.org\/{rel}","templated":true}]}}