{"id":139,"date":"2016-01-28T16:26:45","date_gmt":"2016-01-28T15:26:45","guid":{"rendered":"https:\/\/pbellevue.libreedu.ovh\/productions\/wpcdi\/?p=139"},"modified":"2016-03-28T21:40:43","modified_gmt":"2016-03-28T20:40:43","slug":"reparer-les-vivants","status":"publish","type":"post","link":"https:\/\/pbellevue.libreedu.ovh\/productions\/wpcdi\/index.php\/2016\/01\/28\/reparer-les-vivants\/","title":{"rendered":"R\u00e9parer les vivants"},"content":{"rendered":"<p><a href=\"https:\/\/pbellevue.libreedu.ovh\/productions\/wpcdi\/wp-content\/uploads\/2016\/01\/Reparer-les-vivants.jpeg\" rel=\"attachment wp-att-140\"><img decoding=\"async\" loading=\"lazy\" class=\"wp-image-140 aligncenter\" src=\"https:\/\/pbellevue.libreedu.ovh\/productions\/wpcdi\/wp-content\/uploads\/2016\/01\/Reparer-les-vivants.jpeg\" alt=\"Reparer-les-vivants\" height=\"546\" width=\"347\" srcset=\"https:\/\/pbellevue.libreedu.ovh\/productions\/wpcdi\/wp-content\/uploads\/2016\/01\/Reparer-les-vivants.jpeg 981w, https:\/\/pbellevue.libreedu.ovh\/productions\/wpcdi\/wp-content\/uploads\/2016\/01\/Reparer-les-vivants-191x300.jpeg 191w, https:\/\/pbellevue.libreedu.ovh\/productions\/wpcdi\/wp-content\/uploads\/2016\/01\/Reparer-les-vivants-768x1209.jpeg 768w, https:\/\/pbellevue.libreedu.ovh\/productions\/wpcdi\/wp-content\/uploads\/2016\/01\/Reparer-les-vivants-651x1024.jpeg 651w\" sizes=\"(max-width: 347px) 100vw, 347px\" \/><\/a><\/p>\n<!--[if lt IE 9]><script>document.createElement('audio');<\/script><![endif]-->\n<audio class=\"wp-audio-shortcode\" id=\"audio-139-1\" preload=\"none\" style=\"width: 100%;\" controls=\"controls\"><source type=\"audio\/wav\" src=\"https:\/\/pbellevue.libreedu.ovh\/productions\/wpcdi\/wp-content\/uploads\/080114-000.wav?_=1\" \/><a href=\"https:\/\/pbellevue.libreedu.ovh\/productions\/wpcdi\/wp-content\/uploads\/080114-000.wav\">https:\/\/pbellevue.libreedu.ovh\/productions\/wpcdi\/wp-content\/uploads\/080114-000.wav<\/a><\/audio>\n<h3 style=\"text-align: justify;\"><span style=\"color: #000080;\"><strong>Biographie<\/strong><\/span><\/h3>\n<p style=\"text-align: justify;\">Maylis de Kerangal est n\u00e9e en 1967 \u00e0 Toulon. Fille d\u2019un officier de marine et d\u2019une enseignante, elle grandit au Havre, puis s\u2019installe \u00e0 Paris en 1985 pour poursuivre ses \u00e9tudes. Au d\u00e9but des ann\u00e9es 1990, elle est engag\u00e9e comme \u00e9ditrice jeunesse aux \u00e9ditions Gallimard aux c\u00f4t\u00e9s de Pierre Marchand puis quelques ann\u00e9es plus tard, elle cr\u00e9e la collection \u00ab\u00a0Le Baron perch\u00e9\u00a0\u00bb aux \u00e9ditions Vilo. Marqu\u00e9e par des auteurs comme Scott Fitzgerald, Virginia Woolf ou Joseph Conrad, elle est l&rsquo;auteur des romans<em>,\u00a0Je marche sous un ciel de tra\u00eene\u00a0<\/em>(2000),\u00a0<em>La Vie voyageuse\u00a0<\/em>(2003) et d&rsquo;un recueil de nouvelles tr\u00e8s remarqu\u00e9 :\u00a0<em>Ni fleurs ni couronnes\u00a0<\/em>(2006) dont l\u2019une des nouvelles a \u00e9t\u00e9 adapt\u00e9e en moyen m\u00e9trage. En 2008, para\u00eet\u00a0<em>Corniche Kennedy<\/em>, un texte sur la jeunesse marseillaise. Son roman\u00a0<em>Naissance d\u2019un pont<\/em> re\u00e7oit le prix M\u00e9dicis 2010 (Verticales, 2010) et\u00a0<em>Tangente vers l&rsquo;Est<\/em>\u00a0concourt pour le prix Orange du Livre 2012. En 2014,\u00a0<em>R\u00e9parer les vivants\u00a0<\/em>(Verticales), grand prix RTL Lire, re\u00e7oit \u00e9galement le prix Le roman des \u00e9tudiants France Culture-T\u00e9l\u00e9rama et le Prix Orange du livre. Le texte est adapt\u00e9, mis en sc\u00e8ne et jou\u00e9 sur les planches par le com\u00e9dien Emmanuel Noblet \u00e0 la Condition des Soies, l&rsquo;un des tr\u00e8s jolis lieux du festival d&rsquo;Avignon en juillet 2015. Le spectacle rencontre un vif succ\u00e8s. C\u2019est de ce livre dont je vais vous parler.<\/p>\n<h3 style=\"text-align: justify;\"><span style=\"color: #000080;\"><strong>R\u00e9sum\u00e9<\/strong><\/span><\/h3>\n<p style=\"text-align: justify;\"><em>R\u00e9parer les vivants<\/em> est avant tout un livre sur une transplantation cardiaque. Mais c\u2019est aussi un livre sur la vie en \u00e9bullition. En vingt-quatre heures, nous entrons dans la vie de deux m\u00e8res, d\u2019un p\u00e8re, de chirurgiens, d\u2019une jeune fille\u00a0; et toutes ces rencontres nous transportent jusqu\u2019\u00e0 la fin du roman. Dans ce livre, le c\u0153ur n\u2019est pas qu\u2019un organe, il est aussi le foyer de toutes les \u00e9motions.<\/p>\n<p style=\"text-align: justify;\">\u00ab\u00a0Le c\u0153ur de Simon migrait dans un autre endroit du pays, ses reins, son foie et ses poumons gagnaient d&rsquo;autres provinces, ils filaient vers d&rsquo;autres corps\u00a0\u00bb.<\/p>\n<h3 style=\"text-align: justify;\"><strong><span style=\"color: #000080;\">Lettre \u00e0 M. de Kerangal<\/span><u><br \/>\n<\/u><\/strong><\/h3>\n<p style=\"text-align: justify;\">Ch\u00e8re Maylis de Kerangal,<\/p>\n<p style=\"text-align: justify;\">Je suis consciente que le fait qu\u2019une inconnue vous \u00e9crive peut para\u00eetre \u00e9trange \u2013moi-m\u00eame je trouve cela bizarre alors que je sais pertinemment que vous ne lirez jamais cette lettre. Je vous d\u00e9die ces mots car j\u2019aimerais vous raconter l\u2019aventure que j\u2019ai v\u00e9cue en lisant votre livre <em>R\u00e9parer les vivants.<\/em><\/p>\n<p style=\"text-align: justify;\">Quand mes yeux se sont pos\u00e9s sur le dernier mot de la derni\u00e8re phrase de la derni\u00e8re page du livre, j\u2019ai eu l\u2019impression de vivre plus intens\u00e9ment \u2013 mon c\u0153ur battait plus fort et plus vite, ma vision \u00e9tait comme agrandie, mon ou\u00efe d\u00e9tectait des sons jusque-l\u00e0 inconnus- car je le clame haut et fort, votre roman est terriblement vivant. M\u00eame si son sujet principal est la mort, la vie est pr\u00e9sente partout, \u00e0 chacun des mots que vous avez \u00e9crits.<\/p>\n<p style=\"text-align: justify;\"><em>\u00ab\u00a0Car la vie et la mort sont un, de m\u00eame que le fleuve et l\u2019oc\u00e9an sont un.\u00a0\u00bb<\/em><\/p>\n<p style=\"text-align: justify;\"><em>-Khalil Gibran-<\/em><\/p>\n<h3 style=\"text-align: justify;\"><strong>Eva Juan, 2nde2<br \/>\n<\/strong><\/h3>\n","protected":false},"excerpt":{"rendered":"<p>Biographie Maylis de Kerangal est n\u00e9e en 1967 \u00e0 Toulon. Fille d\u2019un officier de marine et d\u2019une enseignante, elle grandit au Havre, puis s\u2019installe \u00e0 Paris en 1985 pour poursuivre ses \u00e9tudes. Au d\u00e9but des ann\u00e9es 1990, elle est engag\u00e9e comme \u00e9ditrice jeunesse aux \u00e9ditions Gallimard aux c\u00f4t\u00e9s de Pierre Marchand puis quelques ann\u00e9es plus [&hellip;]<\/p>\n","protected":false},"author":1,"featured_media":0,"comment_status":"closed","ping_status":"closed","sticky":false,"template":"","format":"standard","meta":{"ngg_post_thumbnail":0},"categories":[4],"tags":[],"blocksy_meta":{"styles_descriptor":{"styles":{"desktop":"","tablet":"","mobile":""},"google_fonts":[],"version":6}},"_links":{"self":[{"href":"https:\/\/pbellevue.libreedu.ovh\/productions\/wpcdi\/index.php\/wp-json\/wp\/v2\/posts\/139"}],"collection":[{"href":"https:\/\/pbellevue.libreedu.ovh\/productions\/wpcdi\/index.php\/wp-json\/wp\/v2\/posts"}],"about":[{"href":"https:\/\/pbellevue.libreedu.ovh\/productions\/wpcdi\/index.php\/wp-json\/wp\/v2\/types\/post"}],"author":[{"embeddable":true,"href":"https:\/\/pbellevue.libreedu.ovh\/productions\/wpcdi\/index.php\/wp-json\/wp\/v2\/users\/1"}],"replies":[{"embeddable":true,"href":"https:\/\/pbellevue.libreedu.ovh\/productions\/wpcdi\/index.php\/wp-json\/wp\/v2\/comments?post=139"}],"version-history":[{"count":4,"href":"https:\/\/pbellevue.libreedu.ovh\/productions\/wpcdi\/index.php\/wp-json\/wp\/v2\/posts\/139\/revisions"}],"predecessor-version":[{"id":364,"href":"https:\/\/pbellevue.libreedu.ovh\/productions\/wpcdi\/index.php\/wp-json\/wp\/v2\/posts\/139\/revisions\/364"}],"wp:attachment":[{"href":"https:\/\/pbellevue.libreedu.ovh\/productions\/wpcdi\/index.php\/wp-json\/wp\/v2\/media?parent=139"}],"wp:term":[{"taxonomy":"category","embeddable":true,"href":"https:\/\/pbellevue.libreedu.ovh\/productions\/wpcdi\/index.php\/wp-json\/wp\/v2\/categories?post=139"},{"taxonomy":"post_tag","embeddable":true,"href":"https:\/\/pbellevue.libreedu.ovh\/productions\/wpcdi\/index.php\/wp-json\/wp\/v2\/tags?post=139"}],"curies":[{"name":"wp","href":"https:\/\/api.w.org\/{rel}","templated":true}]}}