{"id":1426,"date":"2017-03-29T09:54:45","date_gmt":"2017-03-29T08:54:45","guid":{"rendered":"https:\/\/pbellevue.libreedu.ovh\/productions\/wpcdi\/?p=1426"},"modified":"2017-03-29T09:54:45","modified_gmt":"2017-03-29T08:54:45","slug":"atelier-medias-semaine-de-la-presse","status":"publish","type":"post","link":"https:\/\/pbellevue.libreedu.ovh\/productions\/wpcdi\/index.php\/2017\/03\/29\/atelier-medias-semaine-de-la-presse\/","title":{"rendered":"Atelier M\u00e9dias \/ semaine de la presse"},"content":{"rendered":"<p>Jeudi 23 mars au CDI de 12h \u00e0 14h autour d&rsquo;un pique-nique&#8230;<\/p>\n<p>Pendant la semaine de la presse, nous avons acc\u00e8s au site de l&rsquo;AFP. L&rsquo;occasion pour les \u00e9l\u00e8ves de l&rsquo;atelier m\u00e9dias de se familiariser avec cette ressource tr\u00e8s riche et de r\u00e9aliser leur sommaire de journal radio ou JT.<\/p>\n<p><a href=\"https:\/\/pbellevue.libreedu.ovh\/productions\/wpcdi\/wp-content\/uploads\/circuitinfo12014.png\"><img decoding=\"async\" loading=\"lazy\" src=\"https:\/\/pbellevue.libreedu.ovh\/productions\/wpcdi\/wp-content\/uploads\/circuitinfo12014.png\" alt=\"circuitinfo12014\" class=\"aligncenter wp-image-1428 size-full\" height=\"692\" width=\"974\" srcset=\"https:\/\/pbellevue.libreedu.ovh\/productions\/wpcdi\/wp-content\/uploads\/circuitinfo12014.png 974w, https:\/\/pbellevue.libreedu.ovh\/productions\/wpcdi\/wp-content\/uploads\/circuitinfo12014-300x213.png 300w, https:\/\/pbellevue.libreedu.ovh\/productions\/wpcdi\/wp-content\/uploads\/circuitinfo12014-768x546.png 768w\" sizes=\"(max-width: 974px) 100vw, 974px\" \/><\/a><\/p>\n<p>Nous avons visionn\u00e9 le sommaire du<a href=\"http:\/\/www.francetvinfo.fr\/replay-jt\/france-2\/20-heures\/jt-de-20h-du-mardi-21-mars-2017_2097117.html\" target=\"_blank\"> JT de 20h30 de France 2 du mardi 21 mars<\/a><\/p>\n<p>et \u00e9cout\u00e9 le sommaire du<a href=\"https:\/\/www.franceinter.fr\/emissions\/le-journal-de-7h30\/le-journal-de-7h30-22-mars-2017\" target=\"_blank\"> journal de 7h30 de France Inter du mercredi 23 mars<\/a><\/p>\n<p>Le d\u00e9roul\u00e9 :<\/p>\n<p><a href=\"https:\/\/pbellevue.libreedu.ovh\/productions\/wpcdi\/wp-content\/uploads\/Sommaire-JT-et-radio.pdf\" target=\"_blank\">Le sommaire du JT de France2 et du journal de 7h30 de France Inter<\/a><\/p>\n<p>Les \u00e9l\u00e8ves se sont r\u00e9partis en 3 groupes :<\/p>\n<p>Sommaire du journal radio r\u00e9alis\u00e9 par Eva, Avrile, Louise, Lucille, Laura et\u00a0 Elsa<\/p>\n<p>Sommaire de JT r\u00e9alis\u00e9 par Ovidiu, K\u00e9vin et Antonin (montage Ovidiu)<\/p>\n<p>Sommaire de JT r\u00e9alis\u00e9 par Baptiste, Cassandra, Rayan et Victorine.<\/p>\n<p>Bravo \u00e0 tous !<\/p>\n<p><em><strong>Productions \u00e0 venir&#8230;<\/strong><\/em><\/p>\n","protected":false},"excerpt":{"rendered":"<p>Jeudi 23 mars au CDI de 12h \u00e0 14h autour d&rsquo;un pique-nique&#8230; Pendant la semaine de la presse, nous avons acc\u00e8s au site de l&rsquo;AFP. L&rsquo;occasion pour les \u00e9l\u00e8ves de l&rsquo;atelier m\u00e9dias de se familiariser avec cette ressource tr\u00e8s riche et de r\u00e9aliser leur sommaire de journal radio ou JT. Nous avons visionn\u00e9 le sommaire [&hellip;]<\/p>\n","protected":false},"author":1,"featured_media":0,"comment_status":"closed","ping_status":"closed","sticky":false,"template":"","format":"standard","meta":{"ngg_post_thumbnail":0},"categories":[6],"tags":[],"blocksy_meta":{"styles_descriptor":{"styles":{"desktop":"","tablet":"","mobile":""},"google_fonts":[],"version":6}},"_links":{"self":[{"href":"https:\/\/pbellevue.libreedu.ovh\/productions\/wpcdi\/index.php\/wp-json\/wp\/v2\/posts\/1426"}],"collection":[{"href":"https:\/\/pbellevue.libreedu.ovh\/productions\/wpcdi\/index.php\/wp-json\/wp\/v2\/posts"}],"about":[{"href":"https:\/\/pbellevue.libreedu.ovh\/productions\/wpcdi\/index.php\/wp-json\/wp\/v2\/types\/post"}],"author":[{"embeddable":true,"href":"https:\/\/pbellevue.libreedu.ovh\/productions\/wpcdi\/index.php\/wp-json\/wp\/v2\/users\/1"}],"replies":[{"embeddable":true,"href":"https:\/\/pbellevue.libreedu.ovh\/productions\/wpcdi\/index.php\/wp-json\/wp\/v2\/comments?post=1426"}],"version-history":[{"count":2,"href":"https:\/\/pbellevue.libreedu.ovh\/productions\/wpcdi\/index.php\/wp-json\/wp\/v2\/posts\/1426\/revisions"}],"predecessor-version":[{"id":1430,"href":"https:\/\/pbellevue.libreedu.ovh\/productions\/wpcdi\/index.php\/wp-json\/wp\/v2\/posts\/1426\/revisions\/1430"}],"wp:attachment":[{"href":"https:\/\/pbellevue.libreedu.ovh\/productions\/wpcdi\/index.php\/wp-json\/wp\/v2\/media?parent=1426"}],"wp:term":[{"taxonomy":"category","embeddable":true,"href":"https:\/\/pbellevue.libreedu.ovh\/productions\/wpcdi\/index.php\/wp-json\/wp\/v2\/categories?post=1426"},{"taxonomy":"post_tag","embeddable":true,"href":"https:\/\/pbellevue.libreedu.ovh\/productions\/wpcdi\/index.php\/wp-json\/wp\/v2\/tags?post=1426"}],"curies":[{"name":"wp","href":"https:\/\/api.w.org\/{rel}","templated":true}]}}