{"id":1667,"date":"2017-05-01T21:10:26","date_gmt":"2017-05-01T20:10:26","guid":{"rendered":"https:\/\/pbellevue.libreedu.ovh\/productions\/wpcdi\/?p=1667"},"modified":"2017-05-08T21:21:36","modified_gmt":"2017-05-08T20:21:36","slug":"les-jures-du-prix-jean-renoir","status":"publish","type":"post","link":"https:\/\/pbellevue.libreedu.ovh\/productions\/wpcdi\/index.php\/2017\/05\/01\/les-jures-du-prix-jean-renoir\/","title":{"rendered":"Les jur\u00e9s du Prix Jean Renoir"},"content":{"rendered":"<p style=\"text-align: justify;\">Les \u00e9l\u00e8ves qui vont repr\u00e9senter le groupe \u00ab\u00a0Litt\u00e9rature et Soci\u00e9t\u00e9\u00a0\u00bb \u00e0 Paris , \u00e0 la Femis les 10 et 11 mai prochains et voter, avec tous les participants, pour attribuer le prix Jean Renoir des lyc\u00e9ens, sont <strong>M\u00e9lanie<\/strong> et<strong> Maya<\/strong>.<\/p>\n<p style=\"text-align: justify;\"><a href=\"https:\/\/pbellevue.libreedu.ovh\/productions\/wpcdi\/wp-content\/uploads\/redim_P1010477.jpg\"><img decoding=\"async\" loading=\"lazy\" src=\"https:\/\/pbellevue.libreedu.ovh\/productions\/wpcdi\/wp-content\/uploads\/redim_P1010477-300x225.jpg\" alt=\"redim_p1010477\" class=\"alignleft wp-image-1709 size-medium\" height=\"225\" width=\"300\" srcset=\"https:\/\/pbellevue.libreedu.ovh\/productions\/wpcdi\/wp-content\/uploads\/redim_P1010477-300x225.jpg 300w, https:\/\/pbellevue.libreedu.ovh\/productions\/wpcdi\/wp-content\/uploads\/redim_P1010477.jpg 600w\" sizes=\"(max-width: 300px) 100vw, 300px\" \/><\/a> <a href=\"https:\/\/pbellevue.libreedu.ovh\/productions\/wpcdi\/wp-content\/uploads\/redim_P1010479.jpg\"><img decoding=\"async\" loading=\"lazy\" src=\"https:\/\/pbellevue.libreedu.ovh\/productions\/wpcdi\/wp-content\/uploads\/redim_P1010479-300x225.jpg\" alt=\"redim_p1010479\" class=\"aligncenter size-medium wp-image-1710\" height=\"225\" width=\"300\" srcset=\"https:\/\/pbellevue.libreedu.ovh\/productions\/wpcdi\/wp-content\/uploads\/redim_P1010479-300x225.jpg 300w, https:\/\/pbellevue.libreedu.ovh\/productions\/wpcdi\/wp-content\/uploads\/redim_P1010479.jpg 600w\" sizes=\"(max-width: 300px) 100vw, 300px\" \/><\/a><\/p>\n<p style=\"text-align: justify;\">Elles ont \u00e9t\u00e9 choisies par leurs camarades et avec eux ont vot\u00e9 pour le film pr\u00e9f\u00e9r\u00e9 du groupe parmi les 7 films s\u00e9lectionn\u00e9s&nbsp; ; sans appel, c&rsquo;est le film danois \u00ab\u00a0Les oubli\u00e9s\u00a0\u00bb qui a remport\u00e9 l&rsquo;adh\u00e9sion de la plupart du groupe, suivi de \u00ab\u00a0Moi, Daniel Blake\u00a0\u00bb et \u00ab\u00a0Soy Nero\u00a0\u00bb.<\/p>\n<p>Carnet que les jur\u00e9s vont emporter avec elles \u00e0 Paris<\/p>\n<p>Le regard que portent les \u00e9l\u00e8ves sur les films de la s\u00e9lection \/\/ Aide au d\u00e9bat et \u00e0 vote :<\/p>\n<p>&nbsp;<\/p>\n<div style=\"text-align: center;\">\n<div style=\"margin: 8px 0px 4px;\"><\/div>\n<p><iframe loading=\"lazy\" style=\"margin: 0 auto;\" src=\"\/\/v.calameo.com\/?bkcode=0045750085adc8ca5d7f4&amp;mode=mini\" scrolling=\"no\" allowtransparency=\"\" allowfullscreen=\"allowfullscreen\" frameborder=\"0\" height=\"300\" width=\"480\"><\/iframe><\/p>\n<div style=\"margin: 4px 0px 8px;\" p=\"\"><\/div>\n<\/div>\n","protected":false},"excerpt":{"rendered":"<p>Les \u00e9l\u00e8ves qui vont repr\u00e9senter le groupe \u00ab\u00a0Litt\u00e9rature et Soci\u00e9t\u00e9\u00a0\u00bb \u00e0 Paris , \u00e0 la Femis les 10 et 11 mai prochains et voter, avec tous les participants, pour attribuer le prix Jean Renoir des lyc\u00e9ens, sont M\u00e9lanie et Maya. Elles ont \u00e9t\u00e9 choisies par leurs camarades et avec eux ont vot\u00e9 pour le film [&hellip;]<\/p>\n","protected":false},"author":1,"featured_media":963,"comment_status":"closed","ping_status":"closed","sticky":false,"template":"","format":"standard","meta":{"ngg_post_thumbnail":0},"categories":[9,14],"tags":[],"blocksy_meta":{"styles_descriptor":{"styles":{"desktop":"","tablet":"","mobile":""},"google_fonts":[],"version":6}},"_links":{"self":[{"href":"https:\/\/pbellevue.libreedu.ovh\/productions\/wpcdi\/index.php\/wp-json\/wp\/v2\/posts\/1667"}],"collection":[{"href":"https:\/\/pbellevue.libreedu.ovh\/productions\/wpcdi\/index.php\/wp-json\/wp\/v2\/posts"}],"about":[{"href":"https:\/\/pbellevue.libreedu.ovh\/productions\/wpcdi\/index.php\/wp-json\/wp\/v2\/types\/post"}],"author":[{"embeddable":true,"href":"https:\/\/pbellevue.libreedu.ovh\/productions\/wpcdi\/index.php\/wp-json\/wp\/v2\/users\/1"}],"replies":[{"embeddable":true,"href":"https:\/\/pbellevue.libreedu.ovh\/productions\/wpcdi\/index.php\/wp-json\/wp\/v2\/comments?post=1667"}],"version-history":[{"count":9,"href":"https:\/\/pbellevue.libreedu.ovh\/productions\/wpcdi\/index.php\/wp-json\/wp\/v2\/posts\/1667\/revisions"}],"predecessor-version":[{"id":1669,"href":"https:\/\/pbellevue.libreedu.ovh\/productions\/wpcdi\/index.php\/wp-json\/wp\/v2\/posts\/1667\/revisions\/1669"}],"wp:featuredmedia":[{"embeddable":true,"href":"https:\/\/pbellevue.libreedu.ovh\/productions\/wpcdi\/index.php\/wp-json\/wp\/v2\/media\/963"}],"wp:attachment":[{"href":"https:\/\/pbellevue.libreedu.ovh\/productions\/wpcdi\/index.php\/wp-json\/wp\/v2\/media?parent=1667"}],"wp:term":[{"taxonomy":"category","embeddable":true,"href":"https:\/\/pbellevue.libreedu.ovh\/productions\/wpcdi\/index.php\/wp-json\/wp\/v2\/categories?post=1667"},{"taxonomy":"post_tag","embeddable":true,"href":"https:\/\/pbellevue.libreedu.ovh\/productions\/wpcdi\/index.php\/wp-json\/wp\/v2\/tags?post=1667"}],"curies":[{"name":"wp","href":"https:\/\/api.w.org\/{rel}","templated":true}]}}