{"id":2000,"date":"2018-01-16T13:04:12","date_gmt":"2018-01-16T12:04:12","guid":{"rendered":"https:\/\/pbellevue.libreedu.ovh\/productions\/wpcdi\/?p=2000"},"modified":"2018-02-08T14:12:53","modified_gmt":"2018-02-08T13:12:53","slug":"3eme-film-du-pjr-carre-35","status":"publish","type":"post","link":"https:\/\/pbellevue.libreedu.ovh\/productions\/wpcdi\/index.php\/2018\/01\/16\/3eme-film-du-pjr-carre-35\/","title":{"rendered":"3\u00e8me film du PJR : Carr\u00e9 35"},"content":{"rendered":"<p><a href=\"https:\/\/pbellevue.libreedu.ovh\/productions\/wpcdi\/wp-content\/uploads\/carre35.jpg\"><img decoding=\"async\" loading=\"lazy\" src=\"https:\/\/pbellevue.libreedu.ovh\/productions\/wpcdi\/wp-content\/uploads\/carre35-225x300.jpg\" alt=\"\" class=\"aligncenter size-medium wp-image-2001\" width=\"225\" height=\"300\" srcset=\"https:\/\/pbellevue.libreedu.ovh\/productions\/wpcdi\/wp-content\/uploads\/carre35-225x300.jpg 225w, https:\/\/pbellevue.libreedu.ovh\/productions\/wpcdi\/wp-content\/uploads\/carre35-768x1024.jpg 768w, https:\/\/pbellevue.libreedu.ovh\/productions\/wpcdi\/wp-content\/uploads\/carre35.jpg 1200w\" sizes=\"(max-width: 225px) 100vw, 225px\" \/><\/a><\/p>\n<h3 style=\"text-align: center;\"><strong>Productions collectives<\/strong><\/h3>\n<p style=\"text-align: center;\"><strong>Le projet du film<\/strong><\/p>\n<p style=\"text-align: center;\"><a href=\"https:\/\/pbellevue.libreedu.ovh\/productions\/wpcdi\/wp-content\/uploads\/ProjetFilm.001.jpeg\"><img decoding=\"async\" loading=\"lazy\" src=\"https:\/\/pbellevue.libreedu.ovh\/productions\/wpcdi\/wp-content\/uploads\/ProjetFilm.001-1024x576.jpeg\" alt=\"\" class=\"aligncenter wp-image-2002 size-large\" width=\"720\" height=\"405\" srcset=\"https:\/\/pbellevue.libreedu.ovh\/productions\/wpcdi\/wp-content\/uploads\/ProjetFilm.001-1024x576.jpeg 1024w, https:\/\/pbellevue.libreedu.ovh\/productions\/wpcdi\/wp-content\/uploads\/ProjetFilm.001-300x169.jpeg 300w, https:\/\/pbellevue.libreedu.ovh\/productions\/wpcdi\/wp-content\/uploads\/ProjetFilm.001-768x432.jpeg 768w, https:\/\/pbellevue.libreedu.ovh\/productions\/wpcdi\/wp-content\/uploads\/ProjetFilm.001.jpeg 1920w\" sizes=\"(max-width: 720px) 100vw, 720px\" \/><\/a><strong><\/strong><\/p>\n<p>&nbsp;<\/p>\n<p style=\"text-align: center;\"><strong>Les choix de r\u00e9alisation<\/strong><\/p>\n<p><a href=\"https:\/\/pbellevue.libreedu.ovh\/productions\/wpcdi\/wp-content\/uploads\/ChoixRealisation.001.jpeg\"><img decoding=\"async\" loading=\"lazy\" src=\"https:\/\/pbellevue.libreedu.ovh\/productions\/wpcdi\/wp-content\/uploads\/ChoixRealisation.001-1024x576.jpeg\" alt=\"\" class=\"aligncenter wp-image-2004 size-large\" width=\"720\" height=\"405\" srcset=\"https:\/\/pbellevue.libreedu.ovh\/productions\/wpcdi\/wp-content\/uploads\/ChoixRealisation.001-1024x576.jpeg 1024w, https:\/\/pbellevue.libreedu.ovh\/productions\/wpcdi\/wp-content\/uploads\/ChoixRealisation.001-300x169.jpeg 300w, https:\/\/pbellevue.libreedu.ovh\/productions\/wpcdi\/wp-content\/uploads\/ChoixRealisation.001-768x432.jpeg 768w, https:\/\/pbellevue.libreedu.ovh\/productions\/wpcdi\/wp-content\/uploads\/ChoixRealisation.001.jpeg 1920w\" sizes=\"(max-width: 720px) 100vw, 720px\" \/><\/a><span size=\"4\"><\/span><\/p>\n<p>&nbsp;<\/p>\n<p>&nbsp;<\/p>\n<p style=\"text-align: center;\"><strong>\u00c9crits sur les photos du film &#8211; Diaporama<\/strong><\/p>\n<p><a href=\"https:\/\/pbellevue.libreedu.ovh\/productions\/wpcdi\/wp-content\/uploads\/DiaporamaCarre.pdf\" target=\"_blank\" rel=\"noopener\"><img decoding=\"async\" loading=\"lazy\" src=\"https:\/\/pbellevue.libreedu.ovh\/productions\/wpcdi\/wp-content\/uploads\/DiaporamaCarre-page-011-1024x768.jpg\" alt=\"\" class=\"aligncenter wp-image-2127\" width=\"600\" height=\"450\" srcset=\"https:\/\/pbellevue.libreedu.ovh\/productions\/wpcdi\/wp-content\/uploads\/DiaporamaCarre-page-011-1024x768.jpg 1024w, https:\/\/pbellevue.libreedu.ovh\/productions\/wpcdi\/wp-content\/uploads\/DiaporamaCarre-page-011-300x225.jpg 300w, https:\/\/pbellevue.libreedu.ovh\/productions\/wpcdi\/wp-content\/uploads\/DiaporamaCarre-page-011-768x576.jpg 768w, https:\/\/pbellevue.libreedu.ovh\/productions\/wpcdi\/wp-content\/uploads\/DiaporamaCarre-page-011-520x390.jpg 520w, https:\/\/pbellevue.libreedu.ovh\/productions\/wpcdi\/wp-content\/uploads\/DiaporamaCarre-page-011-740x555.jpg 740w\" sizes=\"(max-width: 600px) 100vw, 600px\" \/><\/a><\/p>\n<p align=\"CENTER\"><span style=\"color: #ff0000;\"><strong>Ecrit de Salom\u00e9<\/strong><\/span><\/p>\n<p align=\"JUSTIFY\"><span size=\"4\">Avant de commencer \u00e0 d\u00e9velopper mes pens\u00e9es, je veux rappeler qu\u2019il n\u2019y a pas de bonne ou de mauvaise interpr\u00e9tation d\u2019un film. Ici, (et comme dans tous les films) l\u2019auteur fait son \u0153uvre comme il la voit, il va la modeler pour qu\u2019on l\u2019interpr\u00e8te comme il le voudrait ; mais \u00e0 partir du moment o\u00f9 ce n\u2019est plus lui qui regarde mais NOUS (en tant que personne et spectateur), c\u2019est donc juste NOUS qui allons interpr\u00e9ter l\u2019\u0153uvre \u00e0 notre mani\u00e8re\u2026 qui allons la voir d\u2019une fa\u00e7on ou d\u2019une autre\u2026 et pas forc\u00e9ment comme le voudrait l\u2019auteur. Tous les \u00eatres humains sont diff\u00e9rents et chacun a sa propre interpr\u00e9tation ainsi diff\u00e9rente. <\/span><\/p>\n<p align=\"JUSTIFY\"><span size=\"4\">Quand j\u2019ai entendu le nom de ce film, je me suis dit que \u00e7a allait \u00eatre un film en rapport avec une bataille ou quelque chose qui s\u2019en rapproche&#8230; je pensais \u00e0 deux possibilit\u00e9s : que ce film allait parler d\u2019un prisonnier avec comme cellule le num\u00e9ro 35&nbsp;; ou alors parler d\u2019une colonie dont la base militaire s\u2019appellerait 35\u2026 Puis, on nous a montr\u00e9 une interview du r\u00e9alisateur, et j\u2019ai compris que ce n\u2019\u00e9tait absolument pas ce \u00e0 quoi je m\u2019attendais\u2026 en effet \u00ab Carr\u00e9 35 \u00bb indiquait le num\u00e9ro de tombe !! Je savais d\u00e9j\u00e0 depuis le d\u00e9but que ce film allait \u00eatre triste, mais pas \u00e0 ce point l\u00e0\u2026 Ce film m\u2019a \u00e9norm\u00e9ment boulevers\u00e9e.<\/span><\/p>\n<p align=\"JUSTIFY\"><span size=\"4\">Quand j\u2019avais 10 ans, ma m\u00e8re, mon beau-p\u00e8re et moi, sommes partis vivre au Maroc pendant 3 ans, \u00e0 Casablanca. J\u2019habitais \u00e0 10 min de l\u2019\u00e9glise o\u00f9 les parents du r\u00e9alisateur se sont mari\u00e9s (j\u2019y allais souvent), et plus d\u2019une fois nous avons eu des invit\u00e9s \u00e9trangers avec lesquels la visite de Casablanca commen\u00e7ait en g\u00e9n\u00e9ral par le grand cimeti\u00e8re fran\u00e7ais ! <\/span><\/p>\n<p align=\"JUSTIFY\"><span size=\"4\">Quand j\u2019ai compris o\u00f9 la petite fille avait \u00e9t\u00e9 enterr\u00e9e, une sorte d\u2019angoisse m&rsquo;a pris. C\u2019est peut-\u00eatre un ph\u00e9nom\u00e8ne \u00e9trange \u00e0 raconter, mais tout au long de ce film, je me suis sentie rattach\u00e9e \u00e0 cette histoire, nullement la mienne. Mais pourtant le fait d\u2019avoir eu beaucoup de choses en commun avec ces gens m&rsquo;a li\u00e9e \u00e0 eux le temps du film. <\/span><\/p>\n<p align=\"JUSTIFY\"><span size=\"4\">C\u2019\u00e9tait la premi\u00e8re fois que cela m\u2019arrivait, j\u2019avais en m\u00eame temps la souffrance de la m\u00e8re face \u00e0 la perte de son premier enfant et la col\u00e8re de son fils par rapport aux mensonges de ses parents tomb\u00e9s dans un d\u00e9ni. En plus de cela, lorsque Eric Caravaca a film\u00e9 son p\u00e8re, venant de mourir, alors qu\u2019il \u00e9tait encore sur son lit, dans une maison m\u00e9dicale, je n\u2019arr\u00eatais pas de penser \u00e0 ma m\u00e8re qui elle aussi avait perdu son p\u00e8re pendant son adolescence\u2026 Cette sc\u00e8ne m\u2019a encore plus reli\u00e9e \u00e0 cette histoire ! Au moment de la projection de cette s\u00e9quence, je me suis dit que l\u2019auteur \u00e9tait compl\u00e8tement \u00ab&nbsp;malade&nbsp;\u00bb de filmer \u00e7a. Cependant, plus le temps passait plus je comprenais que le fait qu\u2019Eric Caravaca ait film\u00e9 la mort de son p\u00e8re, \u00e9tait une sorte de m\u00e9taphore \u2026 Je pense que cette m\u00e9taphore le rattache inconsciemment \u00e0 un \u00e9l\u00e9ment manquant \u00e0 sa vie : La mort du fant\u00f4me familial, sa s\u0153ur qu\u2019il n\u2019a jamais connue, dont il n&rsquo;a jamais entendu parler, et dont il ne soup\u00e7onnait m\u00eame pas l&rsquo;existence \u2026 Ainsi, il se fabriquait un souvenir pour se lier \u00e0 Christine, m\u00eame s\u2019il ne l\u2019avait jamais connu.<\/span><\/p>\n<p align=\"JUSTIFY\"><a name=\"_GoBack\"><\/a> <span size=\"4\">Je pense qu\u2019il n\u2019y a pas beaucoup de personnes qui ont eu la chance de pouvoir vivre \u00e0 l\u2019\u00e9tranger (Maroc- Casablanca et Tunisie- La Marsa) \u00e0 mon \u00e2ge, je pense de ce fait que peu de personnes ressentiront les m\u00eames choses que moi en regardant ce film. Mais il y a des \u00e9l\u00e9ments de tournages qui sont tr\u00e8s forts (puissants par leur sens) et que tout le monde peut remarquer : \u00e0 chaque nouvelle \u00e9tape, on voit une fen\u00eatre ouverte, comme si l\u2019histoire avan\u00e7ait petit \u00e0 petit. A la fin, lors de l\u2019avancement de l\u2019histoire, cette fen\u00eatre qui tout long du film \u00e9tait ouverte, se retrouve ferm\u00e9e et marque la fin de l\u2019histoire. On comprend ensuite que la fen\u00eatre appartient \u00e0 la maison familiale (symbolique tr\u00e8s forte ).<\/span><\/p>\n<p align=\"JUSTIFY\"><span size=\"4\">LES \u00c9TAPES CORRESPONDANT AUX \u00ab PLANS FEN\u00caTRE \u00bb :<\/span><\/p>\n<p align=\"JUSTIFY\"><span size=\"4\">Eric recherche la v\u00e9rit\u00e9 certes, mais aussi une photo de sa s\u0153ur. Pour cela, (fen\u00eatre ouverte), il va faire des recherches en France, (fen\u00eatre ouverte) puis partir au Maroc pour trouver la tombe de Christine, (fen\u00eatre ouverte) suite \u00e0 la photo manquante et \u00e0 la tombe entretenue, il va appeler cette personne s\u2019occupant de la tombe 35 et chercher la photo, et \u00e9tape finale (et la fen\u00eatre se ferme), il se rend dans la maison de famille o\u00f9 il trouve une photo de sa s\u0153ur morte.<\/span><\/p>\n<p align=\"JUSTIFY\"><span size=\"4\">La fin est riche en \u00e9motions, car sa m\u00e8re retourne au Maroc dans l\u2019\u00e9glise et sur la tombe de sa fille avec lui, alors qu\u2019elle n\u2019y \u00e9tait jamais retourn\u00e9e depuis l\u2019enterrement. <\/span><\/p>\n<p align=\"JUSTIFY\"><span size=\"4\">Le temps du film, cette histoire \u00e9tait aussi la mienne.<\/span><\/p>\n<p>&nbsp;<\/p>\n<p style=\"text-align: center;\"><span style=\"color: #ff0000;\"><strong> C\u00e9cilia<\/strong><\/span><\/p>\n<p style=\"text-align: center;\"><span style=\"color: #ff0000;\"><strong>Lettre d&rsquo;une m\u00e8re \u00e0 sa fille disparue<\/strong><\/span><a href=\"https:\/\/pbellevue.libreedu.ovh\/productions\/wpcdi\/wp-content\/uploads\/LettreCecilia-page-001.jpg\"><img decoding=\"async\" loading=\"lazy\" src=\"https:\/\/pbellevue.libreedu.ovh\/productions\/wpcdi\/wp-content\/uploads\/LettreCecilia-page-001-724x1024.jpg\" alt=\"\" class=\"aligncenter wp-image-2063\" width=\"400\" height=\"566\" srcset=\"https:\/\/pbellevue.libreedu.ovh\/productions\/wpcdi\/wp-content\/uploads\/LettreCecilia-page-001-724x1024.jpg 724w, https:\/\/pbellevue.libreedu.ovh\/productions\/wpcdi\/wp-content\/uploads\/LettreCecilia-page-001-212x300.jpg 212w, https:\/\/pbellevue.libreedu.ovh\/productions\/wpcdi\/wp-content\/uploads\/LettreCecilia-page-001-768x1086.jpg 768w, https:\/\/pbellevue.libreedu.ovh\/productions\/wpcdi\/wp-content\/uploads\/LettreCecilia-page-001-520x736.jpg 520w, https:\/\/pbellevue.libreedu.ovh\/productions\/wpcdi\/wp-content\/uploads\/LettreCecilia-page-001-740x1047.jpg 740w, https:\/\/pbellevue.libreedu.ovh\/productions\/wpcdi\/wp-content\/uploads\/LettreCecilia-page-001.jpg 1240w\" sizes=\"(max-width: 400px) 100vw, 400px\" \/><\/a><\/p>\n<p align=\"CENTER\"><span style=\"color: #ff0000;\"><strong><span size=\"5\">CARRE 35<\/span> \u2013 critique de Leslie<\/strong> <\/span><\/p>\n<p align=\"LEFT\">Ce film, aussi d\u00e9stabilisant qu&rsquo;\u00e9mouvant m&rsquo;a captiv\u00e9 du d\u00e9but \u00e0 la fin.<\/p>\n<p align=\"LEFT\">Lors du visionnage je suis pass\u00e9e par toute une palette d&rsquo;\u00e9motions ; incompr\u00e9hension, col\u00e8re, d\u00e9go\u00fbt, peur, remise en question, tristesse, empathie, et parfois m\u00eame de l&rsquo;admiration.<\/p>\n<p align=\"LEFT\">L&rsquo;\u00e9motion dominante a \u00e9t\u00e9 la remise en question. Je me qualifie comme quelqu&rsquo;un de plut\u00f4t positif qui a tendance \u00e0 se concentrer uniquement sur les bons c\u00f4t\u00e9s de la vie et ce film a chamboul\u00e9 ma vision des choses. Il m&rsquo;a sorti de ma zone de confort o\u00f9 \u00abtout est beau\u00bb et il m&rsquo;a ouvert les yeux sur une r\u00e9alit\u00e9 que jusqu\u2019\u00e0 pr\u00e9sent je m&rsquo;obligeais \u00e0 chasser de mon esprit.<\/p>\n<p align=\"LEFT\">Le fait que ce film soit avant tout bas\u00e9 sur des t\u00e9moignages a encore plus accentu\u00e9 le c\u00f4t\u00e9 \u00abr\u00e9el\u00bb et par la m\u00eame occasion, ma d\u00e9stabilisation.<\/p>\n<p align=\"LEFT\">Les parents, alors m\u00eame que je pensais \u00eatre touch\u00e9e par leur t\u00e9moignage, m&rsquo;ont avant tout troubl\u00e9. Lorsqu&rsquo;ils \u00e9voquaient leur fille, leurs regards semblaient vid\u00e9s, absents, d\u00e9vast\u00e9s. Je crois que c&rsquo;est \u00e0 ce moment que je me suis mise \u00e0 avoir peur. Peur d&rsquo;un jour atteindre un tel niveau de tristesse. Peur de perdre la vie qui habite le regard d&rsquo;une personne sereine.<\/p>\n<p align=\"LEFT\">J&rsquo;ai aussi gr\u00e2ce \u00e0 ce film, pu voir la parentalit\u00e9 sous un autre \u0153il.<\/p>\n<p align=\"LEFT\">Au d\u00e9but, j&rsquo;ai d\u00e9test\u00e9 les parents. Je ne comprenais pas leurs choix vis-\u00e0-vis de cette enfant innocente. Mais au fil du temps et de leurs confessions, je me suis mise \u00e0 m&rsquo;imaginer \u00e0 leur place (du moins j&rsquo;ai essay\u00e9 du mieux que j&rsquo;ai pu) et c&rsquo;est l\u00e0 que l&#8217;empathie est entr\u00e9e en jeux. Je ne suis pas parent et je ne connais pas ces gens et pourtant durant quelques secondes suspendues dans le temps, j&rsquo;ai pu imaginer une infime partie de leur douleur.<\/p>\n<p align=\"LEFT\">Tout au long du film, diverses \u00e9motions m&rsquo;ont envahie et m\u00eame si la plupart \u00e9taient d\u00e9sagr\u00e9ables, elles \u00e9taient belles et bien l\u00e0. Je pense que les meilleurs films sont ceux qui arrivent \u00e0 nous toucher et \u00e0 nous transformer et ce fut le cas pour CARRE 35.<\/p>\n<p style=\"text-align: center;\"><span style=\"color: #ff0000;\"><strong>Lettre \u00e0 Christine&nbsp;<\/strong><\/span><\/p>\n<p style=\"text-align: center;\"><span style=\"color: #ff0000;\"><strong>par Ana\u00efs<\/strong><\/span><\/p>\n<p><a href=\"https:\/\/pbellevue.libreedu.ovh\/productions\/wpcdi\/wp-content\/uploads\/lettreanais.jpg\"><img decoding=\"async\" loading=\"lazy\" src=\"https:\/\/pbellevue.libreedu.ovh\/productions\/wpcdi\/wp-content\/uploads\/lettreanais-724x1024.jpg\" alt=\"\" class=\"aligncenter wp-image-2007 size-large\" width=\"720\" height=\"1018\" srcset=\"https:\/\/pbellevue.libreedu.ovh\/productions\/wpcdi\/wp-content\/uploads\/lettreanais-724x1024.jpg 724w, https:\/\/pbellevue.libreedu.ovh\/productions\/wpcdi\/wp-content\/uploads\/lettreanais-212x300.jpg 212w, https:\/\/pbellevue.libreedu.ovh\/productions\/wpcdi\/wp-content\/uploads\/lettreanais-768x1086.jpg 768w, https:\/\/pbellevue.libreedu.ovh\/productions\/wpcdi\/wp-content\/uploads\/lettreanais.jpg 1240w\" sizes=\"(max-width: 720px) 100vw, 720px\" \/><\/a><\/p>\n<p><span style=\"font-size: x-large;\" size=\"5\"><\/span><span style=\"font-size: large;\" size=\"4\"><br \/>\n<\/span><\/p>\n<p style=\"text-align: center;\"><span style=\"color: #ff0000;\"><strong><span size=\"4\">Critique de Sarah<\/span><\/strong><\/span><span size=\"4\"><br \/>\n<\/span><\/p>\n<p align=\"justify\"><span size=\"4\">Eric Caravaca, \u00e0 travers un documentaire, raconte la vie de ses parents avant la naissance de son fr\u00e8re et lui ainsi que la vie de sa s\u0153ur morte \u00e0 3 ans et dont l&rsquo;existence et l&rsquo;histoire sont rest\u00e9es un myst\u00e8re. Eric Caravaca a fait ce film pour rendre hommage \u00e0 sa s\u0153ur, Christine, t\u00e9moigner sur l\u2019horrible destin de cette enfant mais aussi pour aider indirectement sa m\u00e8re, Angela, pour qu\u2019elle puisse faire le deuil de sa mort. Il voulait aussi pouvoir enfin mettre un visage sur sa s\u0153ur, comprendre les causes de sa mort, pourquoi sa m\u00e8re a refus\u00e9 de parler de Christine, pourquoi avait-elle br\u00fbl\u00e9 tout ce qui la rattachait \u00e0 cette petite fille. Il voulait mettre un terme \u00e0 sa qu\u00eate de toujours.<\/span><\/p>\n<p align=\"justify\"><span size=\"4\">Pour son film, il a utilis\u00e9 des s\u00e9quences d\u2019interviews de personnes qui connaissaient Christine&nbsp;; des membres de la famille&nbsp;: son p\u00e8re, sa m\u00e8re, son fr\u00e8re, son oncle&nbsp;; il leur a pos\u00e9 des questions presque identiques. Un moment pr\u00e9cis m\u2019a surprise&nbsp;: c\u2019est l&rsquo;interview son p\u00e8re&nbsp;; Gilberto ne savait pas quand sa propre fille \u00e9tait morte, pour lui, elle \u00e9tait d\u00e9c\u00e9d\u00e9e \u00e0 4 mois alors qu\u2019elle avait 3 ans. Il y a aussi les moment o\u00f9 Angela est interview\u00e9e&nbsp;; au d\u00e9but du film, elle dit qu\u2019elle \u00e9tait avec Christine alors qu\u2019elle n\u2019\u00e9tait pas pr\u00e9sente ce jour l\u00e0 et vers la fin du documentaire, elle change d&rsquo;avis, elle affirme en quelque sorte qu&rsquo;elle n&rsquo;\u00e9tait pas l\u00e0, on peut voir qu&rsquo;elle a \u00e9volu\u00e9 car au d\u00e9part, elle ne voulait plus jamais retourner sur la tombe de sa fille alors qu&rsquo;\u00e0 la fin avec Eric Caravaca, elle d\u00e9cide d&rsquo;y retourner.<\/span><\/p>\n<p align=\"justify\"><span size=\"4\">Dans le film, Caravaca utilise aussi des archives priv\u00e9es de sa famille (le mariage de ses parents qui revient souvent dans le film) et des archives historique in\u00e9dite (r\u00e9pression de l\u2019arm\u00e9e fran\u00e7aise, exil) pour illustrer ce qu\u2019il&nbsp;dit mais aussi pour pour montrer les similitudes et les interactions entre ce qui se passe dans la famille et ce que se passe dans le pays. <\/span><\/p>\n<p align=\"justify\"><span size=\"4\">Il n\u2019appara\u00eet pas souvent dans le film comme pour montrer qu\u2019il n\u2019\u00e9tait pas l\u00e0 non plus lorsqu\u2019il y avait sa s\u0153ur&nbsp;; on le voit enfant (en photo ou en film). C&rsquo;est sa voix surtout qui est pr\u00e9sente&nbsp;: c&rsquo;est la voix off du film&nbsp;; son ton sobre, assez neutre ne montre aucune \u00e9motion, mais la place \u00e0 celle du spectateur.<\/span><\/p>\n<p align=\"justify\"><span size=\"4\">On voit tr\u00e8s souvent, dans le film, la fen\u00eatre de la maison de l\u2019oasis et le mariage des parents. Je pense que ce sont des images m\u00e9taphoriques, le mariage d\u2019apr\u00e8s moi d\u00e9finit le d\u00e9but de l\u2019histoire des parents quant \u00e0 la fen\u00eatre c\u2019est l\u2019endroit o\u00f9 l\u2019enfant est morte,le lieu o\u00f9 Angela a laiss\u00e9 sa fille, o\u00f9 d\u00e9bute son sentiment de culpabilit\u00e9 et o\u00f9 elle laisse tous ses souvenirs et son pass\u00e9 du Maroc, l\u00e0 o\u00f9 elle d\u00e9cide d\u00e9finitivement de tourner la page sans vraiment, je pense, y parvenir. D\u2019ailleurs dans le film, Erci Caravaca cite un extrait du livre \u00ab&nbsp;La porte des Enfers&nbsp;\u00bb de Laurent Gaud\u00e9 pour essayer de comprendre sa m\u00e8re, la souffrance et la carapace qu\u2019elle s\u2019est cr\u00e9\u00e9e le jour du d\u00e9c\u00e8s de sa fille et je trouve que ce passage montre pourquoi Angela s&rsquo;est enferm\u00e9e dans le silence. Le fait qu\u2019elle change souvent de nom montre bien \u00e9galement qu&rsquo;elle veut absolument \u00ab&nbsp;tourner&nbsp;\u00bb la page. <\/span><\/p>\n<p align=\"justify\"><span size=\"4\">Eric Caravaca utilise plusieurs mat\u00e9riels pour tourner son film comme une cam\u00e9ra super 8 (la mort du p\u00e8re)&nbsp;; il cherche \u00e0 produire un grain d&rsquo;image ancien qui ram\u00e8ne au pass\u00e9 et on constate que c\u2019est le m\u00eame mod\u00e8le utilis\u00e9 dans les vid\u00e9os de souvenir comme le mariage, les vacances en famille&#8230;<\/span><\/p>\n<p align=\"justify\"><span size=\"4\">J\u2019ai beaucoup aim\u00e9 ce film parce qu\u2019il parlait de chose r\u00e9elle, d\u2019une v\u00e9ritable histoire. J\u2019ai \u00e9t\u00e9 \u00e9mue qu\u2019Eric Caravaca fasse autant d\u2019effort pour comprendre, jusqu\u2019\u00e0 faire avec ses amis une grande enqu\u00eate qui a dur\u00e9 plusieurs ann\u00e9es. J\u2019ai \u00e9t\u00e9 assez choqu\u00e9e de voir \u00e0 quel point la m\u00e8re \u00e9tait dans le d\u00e9ni et \u00e9tait dure m\u00eame si c\u2019est parce qu\u2019elle souffrait en silence mais ce qui m\u2019a le plus surprise c\u2019est les diff\u00e9rentes versions de l\u2019histoire de la mort de cet enfant et \u00e0 quel point c\u2019\u00e9tait si honteux pour les parents d\u2019avoir une filles atteinte de la \u00ab&nbsp;maladie bleue&nbsp;\u00bb.<\/span><\/p>\n<p style=\"text-align: center;\" align=\"justify\"><span style=\"color: #ff0000;\"><strong>Po\u00e8me de Cindy<\/strong><\/span><\/p>\n<p align=\"CENTER\"><img decoding=\"async\" loading=\"lazy\" src=\"https:\/\/pbellevue.libreedu.ovh\/productions\/wpcdi\/wp-content\/uploads\/PoemeCindyTCarre35-page-001-1024x724.jpg\" alt=\"\" class=\"aligncenter wp-image-2138\" width=\"500\" height=\"353\" srcset=\"https:\/\/pbellevue.libreedu.ovh\/productions\/wpcdi\/wp-content\/uploads\/PoemeCindyTCarre35-page-001-1024x724.jpg 1024w, https:\/\/pbellevue.libreedu.ovh\/productions\/wpcdi\/wp-content\/uploads\/PoemeCindyTCarre35-page-001-300x212.jpg 300w, https:\/\/pbellevue.libreedu.ovh\/productions\/wpcdi\/wp-content\/uploads\/PoemeCindyTCarre35-page-001-768x543.jpg 768w, https:\/\/pbellevue.libreedu.ovh\/productions\/wpcdi\/wp-content\/uploads\/PoemeCindyTCarre35-page-001-520x368.jpg 520w, https:\/\/pbellevue.libreedu.ovh\/productions\/wpcdi\/wp-content\/uploads\/PoemeCindyTCarre35-page-001-740x523.jpg 740w, https:\/\/pbellevue.libreedu.ovh\/productions\/wpcdi\/wp-content\/uploads\/PoemeCindyTCarre35-page-001.jpg 1754w\" sizes=\"(max-width: 500px) 100vw, 500px\" \/><\/p>\n<p align=\"CENTER\"><span face=\"Calibri, sans-serif\" style=\"color: #ff0000;\"><span size=\"3\"><strong>Carr\u00e9 35, Une enqu\u00eate familiale<\/strong> <\/span><\/span><\/p>\n<p align=\"CENTER\"><span style=\"color: #ff0000;\"><strong><span face=\"Calibri, sans-serif\"><span size=\"3\">Marylou<\/span><\/span><\/strong><\/span><\/p>\n<p align=\"JUSTIFY\"><span face=\"Calibri, sans-serif\"><span size=\"3\">Carr\u00e9 35 est un documentaire d\u2019Eric Caravaca dans lequel il parle de sa s\u0153ur a\u00een\u00e9e morte \u00e0 3 ans, et dont il ne savait rien, il n\u2019avait aucune photo \u00e0 mettre sur le visage de sa s\u0153ur Christine.<\/span><\/span><\/p>\n<p align=\"JUSTIFY\"><span face=\"Calibri, sans-serif\"><span size=\"3\">Suite \u00e0 toutes ses questions sans r\u00e9ponse, il d\u00e9cide de mener une enqu\u00eate, et r\u00e9soudre cette \u00e9nigme&nbsp;: retourner dans le pays o\u00f9 sa s\u0153ur est morte, aller au cimeti\u00e8re fran\u00e7ais de Casablanca, poser des questions \u00e0 sa m\u00e8re, et son p\u00e8re souffrant, chercher une photo de sa s\u0153ur&#8230;<\/span><\/span><\/p>\n<p align=\"JUSTIFY\"><span face=\"Calibri, sans-serif\"><span size=\"3\">Le r\u00e9alisateur arrive \u00e0 nous introduire dans sa longue enqu\u00eate. Il ne choisit pas la fiction en faisant appel \u00e0 des acteurs pour \u00ab&nbsp;remplacer&nbsp;\u00bb sa m\u00e8re et son p\u00e8re, ce sont r\u00e9ellement les personnes de sa famille.<\/span><\/span><\/p>\n<p align=\"JUSTIFY\"><span face=\"Calibri, sans-serif\"><span size=\"3\">Il pose \u00e9norm\u00e9ment de questions \u00e0 sa m\u00e8re, celle-ci para\u00eet insensible, et r\u00e9pond sans laisser la moindre \u00e9motion se d\u00e9gager de son visage, c\u2019est, semble-t-il une m\u00e8re dure. Elle a longtemps eu honte d\u2019avoir eu une fille souffrant de la trisomie, ou \u00ab&nbsp;maladie bleue&nbsp;\u00bb comme elle est appel\u00e9e dans Carr\u00e9 35.<\/span><\/span><\/p>\n<p align=\"JUSTIFY\"><span color=\"#333333\"><span face=\"Calibri, sans-serif\"><span size=\"3\">En se confrontant \u00e0 son lourd pass\u00e9 Eric Caravaca parle aux spectateurs en voix-off, s&rsquo;appuyant sur beaucoup de photographies et vid\u00e9os du Maroc, des archives priv\u00e9es, d&rsquo;anciens films de ses parents film\u00e9es avec une cam\u00e9ra super 8, une vid\u00e9o de son fils Balthazar, (que sa m\u00e8re appelle Fran\u00e7ois, rappel du pr\u00e9nom de son propre fr\u00e8re mort accidentellement). Il inserre parfois des images de la guerre d\u2019Alg\u00e9rie, montrant les nombreux corps tu\u00e9s par l\u2019arm\u00e9e fran\u00e7aise, durant la d\u00e9colonisation.<\/span><\/span><\/span><\/p>\n<p align=\"JUSTIFY\"><span color=\"#333333\"><span face=\"Calibri, sans-serif\"><span size=\"3\">Ce documentaire est un hommage \u00e0 Christine, ainsi qu\u2019une r\u00e9flexion sur le deuil pour la m\u00e8re. \u00c0 la fin on voit cette m\u00e8re retourner sur tous ces lieux du pass\u00e9 qu\u2019elle voulait supprimer de sa m\u00e9moire. En faisant cela, elle arrive \u00e0 montrer ses \u00e9motions ( elle sourit, son visage est apais\u00e9), elle a enfin eu la force de retourner sur la tombe et ainsi de se rem\u00e9morer des souvenirs. <\/span><\/span><\/span><\/p>\n<p align=\"JUSTIFY\"><span color=\"#333333\"><span face=\"Calibri, sans-serif\"><span size=\"3\">Eric Caravaca a fait d\u2019une histoire familiale et priv\u00e9e un documentaire bouleversant, film\u00e9 en enqu\u00eate polici\u00e8re avec des t\u00e9moins, et la photo que l&rsquo;on n&rsquo;attendait pas arrive&nbsp;\u2026 <\/span><\/span><\/span><\/p>\n<p style=\"text-align: center;\" align=\"JUSTIFY\"><span style=\"color: #ff0000;\"><strong>Carr\u00e9 35 <\/strong><\/span><\/p>\n<p style=\"text-align: center;\" align=\"JUSTIFY\"><span style=\"color: #ff0000;\"><strong>In\u00e8s<\/strong><\/span><\/p>\n<p align=\"JUSTIFY\"><span color=\"#000000\"><span face=\"Calibri, sans-serif\"><span size=\"3\">Carr\u00e9 35 est un long-m\u00e9trage autobiographique durant lequel on suit le parcours du r\u00e9alisateur, Eric Caravaca, qui remonte les traces de sa grande s\u0153ur qu&rsquo;il n&rsquo;a pas connue, morte \u00e0 3 ans et dont sa m\u00e8re n&rsquo;a gard\u00e9 aucune photo. <\/span><\/span><\/span><\/p>\n<p align=\"JUSTIFY\"><span color=\"#000000\"><span face=\"Calibri, sans-serif\"><span size=\"3\">Il va questionner son entourage en commen\u00e7ant par les parents, essayant d\u2019\u00e9claircir ce myst\u00e8re, mais \u00e0 sa stup\u00e9faction, les t\u00e9moignages ne relatent pas les m\u00eames faits. Le p\u00e8re et la m\u00e8re ne d\u00e9crivent pas la m\u00eame personne. Tout au long du film, nous allons suivre Eric cherchant \u00e0 conna\u00eetre le fin mot de l\u2019histoire, allant jusqu\u2019\u00e0 Casablanca pour retrouver la tombe de sa s\u0153ur dans le \u00ab&nbsp;Carr\u00e9 35&nbsp;\u00bb. Aucune photo n\u2019est alors pr\u00e9sente sur celle-ci. <\/span><\/span><\/span><\/p>\n<p align=\"JUSTIFY\"><span color=\"#000000\"><span face=\"Calibri, sans-serif\"><span size=\"3\">Au fil des questions que le r\u00e9alisateur pose \u00e0 son entourage, le voile se l\u00e8ve lentement. Sa m\u00e8re ne cesse de r\u00e9p\u00e9ter qu&rsquo;elle \u00e9tait mignonne, qu&rsquo;elle \u00e9tait normale, normale comme n&rsquo;importe quelle fillette de son \u00e2ge. Mais plus son fils creuse les recoins sombres de leur pass\u00e9, plus il se rend compte qu&rsquo;elle n&rsquo;\u00e9tait pas \u00ab&nbsp;normale&nbsp;\u00bb au sens o\u00f9 sa m\u00e8re l&rsquo;entend.<br \/>\nL&rsquo;histoire de Christine, enterr\u00e9e dans le \u00ab&nbsp;Carr\u00e9 35&nbsp;\u00bb \u00e0 Casablanca, rejoint l&rsquo;Histoire des \u00ab&nbsp;\u00e9v\u00e9nements&nbsp;\u00bb d&rsquo;Alg\u00e9rie et du Maroc. Tout comme la s\u0153ur d&rsquo;Eric Caravaca, ces guerres sont un tabou, un d\u00e9ni dont on ne veut pas parler. Le film coud ces histoires ensemble pour d\u00e9lier le mensonge dans lequel le r\u00e9alisateur vit. <\/span><\/span><\/span><\/p>\n<p align=\"JUSTIFY\"><span color=\"#000000\"><span face=\"Calibri, sans-serif\"><span size=\"3\">Eric est troubl\u00e9. Sa s\u0153ur \u00e9tait en fait atteinte de trisomie, sa m\u00e8re n\u2019assumait pas que sa fille soit diff\u00e9rente des autres, et lorsque celle-ci d\u00e9c\u00e9da, sa m\u00e8re voulut tourner la page et tout oublier.&nbsp;<\/span><\/span><\/span><\/p>\n<p align=\"JUSTIFY\"><span color=\"#000000\"><span face=\"Calibri, sans-serif\"><span size=\"3\">Pour moi ce film vaut la peine d\u2019\u00eatre vu. Pour comprendre les \u00e9volutions entre les g\u00e9n\u00e9rations, guidant les gens vers la tol\u00e9rance car il faut continuer \u00e0 se battre pour que la discrimination et la peur de la diff\u00e9rence cessent. <\/span><\/span><\/span><\/p>\n<p style=\"text-align: center;\" align=\"JUSTIFY\"><span style=\"color: #ff0000;\"><strong>Carr\u00e9 35<\/strong><\/span><\/p>\n<p style=\"text-align: center;\" align=\"JUSTIFY\"><span style=\"color: #ff0000;\"><strong>Emma J.<\/strong><\/span><\/p>\n<p align=\"JUSTIFY\">Le film Carr\u00e9 35 est un film sur l\u2019histoire d\u2019un secret de famille. Eric Caravaca, le r\u00e9alisateur, enqu\u00eate sur sa propre famille et sur lui-m\u00eame. Il d\u00e9couvre la mort de sa s\u0153ur a\u00een\u00e9e. Aucune photographie de cette fillette n\u2019existe, comme si on avait voulu tout effacer. Pourquoi&nbsp;?<\/p>\n<p align=\"JUSTIFY\">Durant les 67 minutes du film, on voit plusieurs s\u00e9quences qui reviennent comme celle des volets d\u2019une maison qui semble receler une part du secret familial. Il y a aussi les films du mariage de ses parents. Mais une seule voix les accompagne&nbsp;: celle d\u2019Eric qui p\u00e8se vraiment ses mots.<\/p>\n<p align=\"JUSTIFY\">Ce film m\u2019a \u00e9norm\u00e9ment g\u00ean\u00e9e. En effet, j\u2019avais l\u2019impression d\u2019\u00eatre de trop et de faire intrusion dans la vie d\u2019une personne qui voulait faire savoir cette histoire au d\u00e9triment de la honte que sa m\u00e8re ressentait. Car sa m\u00e8re n\u2019a pas assum\u00e9 le fait d\u2019avoir une fille trisomique. Ce n\u2019est qu\u2019\u00e0 la fin du documentaire qu\u2019on comprend qu\u2019elle a enfin accept\u00e9 la situation, ce qui d\u00e9livre le spectateur d\u2019une g\u00eane lourde. Cette g\u00eane a pu \u00e9galement avoir \u00e9t\u00e9 provoqu\u00e9e par certains plans, comme celui de la d\u00e9pouille de son p\u00e8re, mort pendant le tournage et que filme Eric Caravaca. Il y a aussi le sujet de la d\u00e9colonisation du Maroc et de la guerre d\u2019Alg\u00e9rie qui a marqu\u00e9 la vie de ses parents.<\/p>\n<p align=\"JUSTIFY\"><a name=\"_GoBack\"><\/a> J\u2019ai eu beaucoup de peine pour la m\u00e8re d\u2019Eric Caravaca qui a d\u00fb cacher ce secret pendant des ann\u00e9es. Et je n\u2019ai pu appr\u00e9cier le film qu\u2019\u00e0 partir du moment o\u00f9 elle acceptait le fait que sa fille \u00e9tait trisomique et qu\u2019elle sortait du d\u00e9ni.<\/p>\n<p style=\"text-align: center;\" lang=\"zxx\" align=\"JUSTIFY\"><span style=\"color: #ff0000;\"><strong><span color=\"#000000\">Carr\u00e9 35<\/span><\/strong><\/span><\/p>\n<p style=\"text-align: center;\" lang=\"zxx\" align=\"JUSTIFY\"><span style=\"color: #ff0000;\"><strong>Manon<\/strong><\/span><\/p>\n<p lang=\"zxx\" align=\"JUSTIFY\"><span color=\"#000000\">Carr\u00e9 35 est l&rsquo;histoire intime et tr\u00e8s personnelle du r\u00e9alisateur Eric Caravaca. Il nous fait d\u00e9couvrir son histoire en suivant sur les traces de sa grande s\u0153ur ignor\u00e9e, morte \u00e0 trois ans \u00e0 Casablanca et dont sa m\u00e8re ne lui a jamais parl\u00e9. A partir du moment o\u00f9 Eric Carvaca devient p\u00e8re de famille, il d\u00e9cide de d\u00e9couvrir la v\u00e9rit\u00e9 sur sa soeur ain\u00e9e. Dans le film, il y a une image o\u00f9 l&rsquo;on voit Eric Caravaca devant le chambre de son fils, on pourrait dire que c&rsquo;est l&rsquo;\u00e9l\u00e9ment d\u00e9clencheur pour d\u00e9couvrir le pass\u00e9. Il interviewe l\u2019un de ses oncles qui a connu sa s\u0153ur mais surtout sa m\u00e8re et son p\u00e8re qui d\u00e9c\u00e8de pendant le tournage et qu\u2019il filme sur son lit de mort. C&rsquo;est une sc\u00e8ne tr\u00e8s p\u00e9nible \u00e0 regarder. Eric Caravaca rencontre des personnes qui l&rsquo;aident \u00e0 reconstruire l&rsquo;histoire. <\/span><\/p>\n<p lang=\"zxx\" align=\"JUSTIFY\"><span color=\"#000000\">C\u2019est une histoire familiale bien racont\u00e9e, mais tout aussi douloureuse, qui doit certainement \u00eatre difficile \u00e0 raconter pour le r\u00e9alisateur. Il nous livre dans ce documentaire les secrets de sa famille. Carr\u00e9 35 est fond\u00e9 sur le myst\u00e8re d&rsquo;une enfant morte dont les parents n&rsquo;ont gard\u00e9 aucune photo et aucun document. Eric Caravaca tente de comprendre pourquoi il ne reste rien de sa s\u0153ur qu&rsquo;il n&rsquo;a jamais vue. Il utilise des images d&rsquo;archives et d&rsquo;images du pr\u00e9sent. Il d\u00e9couvre aussi que sa m\u00e8re s&rsquo;est invent\u00e9e des vies. Lorsqu&rsquo;il lui demande pourquoi elle n&rsquo;a jamais parl\u00e9 de sa soeur ain\u00e9e, elle r\u00e9pond qu&rsquo;elle n&rsquo;aime pas revenir en arri\u00e8re dans le pass\u00e9. <\/span><\/p>\n<p lang=\"zxx\" align=\"JUSTIFY\"><span color=\"#000000\">Le film Carr\u00e9 35 est dur m\u00eame choquant car on a l&rsquo;impression que le r\u00e9alisateur Eric Caravaca force ses parents \u00e0 lui raconter une triste p\u00e9riode de leur vie avec leur fille en les filmant. On comprend aussi combien c&rsquo;est difficile pour lui de ne pas connaitre une partie son histoire. Il apprend que Christine, sa soeur, \u00e9tait trisomique : elle souffrait de la maladie bleue. Pendant les interviewes, sa m\u00e8re et son p\u00e8re parlent difficilement de cette histoire qui est tabou dans la famille. Sa m\u00e8re reste dans le d\u00e9ni face au handicap mental de sa fille jusqu&rsquo;\u00e0 sa mort. A la fin du film, elle \u00e9volue en acceptant de parler de sa fille et en se rendant sur la tombe de celle-ci. Le film Carr\u00e9 35 explique aussi le secret et les mensonges qui peuvent peser dans les famille au fil des g\u00e9n\u00e9rations m\u00eame s&rsquo;ils sont bien cach\u00e9s. Ce film est tr\u00e8s pesant pour le r\u00e9alisateur mais c&rsquo;est aussi une forme de th\u00e9rapie et d&rsquo;hommage envers sa soeur car lui m\u00eame dit que si elle n&rsquo;\u00e9tait pas morte il n&rsquo;aurait peut \u00eatre pas exist\u00e9.<\/span><\/p>\n<p style=\"text-align: center;\" align=\"JUSTIFY\"><strong><span style=\"color: #ff0000;\">Carr\u00e9 35<\/span><\/strong><\/p>\n<p style=\"text-align: center;\" align=\"JUSTIFY\"><strong><span style=\"color: #ff0000;\">Na\u00efla<\/span><\/strong><\/p>\n<p align=\"JUSTIFY\">Eric Caravaca nous emm\u00e8ne au creux de sa vie. Il partage avec nous son v\u00e9cu, son intimit\u00e9 et une histoire bouleversante.<\/p>\n<p align=\"JUSTIFY\"><a name=\"_GoBack\"><\/a> Christine, sa s\u0153ur qu\u2019il n\u2019a pas connue, a eu une courte vie dont le r\u00e9alisateur r\u00e9ussit \u00e0 faire un grand film. La mort de cette enfant a touch\u00e9 profond\u00e9ment la m\u00e8re d\u2019Eric. Mais elle appara\u00eet aujourd\u2019hui ferm\u00e9e, c\u0153ur glac\u00e9 et expression froide sur le visage. Elle semble \u00eatre pass\u00e9e au-dessus de tout cela. Une question se pose \u00e0 nous&nbsp;: a-t-elle arr\u00eat\u00e9 de se morfondre ou bien est-ce une carapace&nbsp;?<\/p>\n<p align=\"JUSTIFY\">Eric Caravaca nous montre chaque \u00e9tape de sa vie et celle de ses parents. Le film est organis\u00e9 de fa\u00e7on chronologique et fait s\u2019encha\u00eener les interviewes. Lorsqu\u2019il pose des questions aux membres de sa famille, il le fait comme s\u2019il \u00e9tait un \u00e9tranger, qui ne connaissait rien \u00e0 leur vie. A l\u2019inverse, ils lui r\u00e9pondent comme appartenant \u00e0 la m\u00eame famille. Peut-\u00eatre que cette fa\u00e7on de communiquer d\u00e9nonce la pr\u00e9sence du secret que constitue Christine. Eric n\u2019a jamais \u00e9t\u00e9 inform\u00e9 de ce drame jusqu\u2019\u00e0 ce qu\u2019il d\u00e9cide, lui, de creuser pour r\u00e9soudre cette \u00e9nigme. Durant ces longues ann\u00e9es d\u2019ignorance, Eric se voit comme \u00ab&nbsp;hors de la famille&nbsp;\u00bb, se sent comme un \u00e9tranger \u00e0 qui on ne confie pas ce genre de secret, personne ne lui ayant parl\u00e9 de Christine, p\u00e8re, m\u00e8re, cousin ou fr\u00e8re.<\/p>\n<p align=\"JUSTIFY\">Le documentaire nous donne beaucoup de d\u00e9tails (les images d\u2019enfants trisomiques, les catacombes, \u00ab&nbsp;il\u2019s all about memories&nbsp;\u00bb, la photo manquante sur la tombe de Christine\u2026) sur lesquels nous appuyer et qui ne sont pas choisis au hasard&nbsp;: tous convergent vers la r\u00e9v\u00e9lation finale.<\/p>\n","protected":false},"excerpt":{"rendered":"<p>Productions collectives Le projet du film &nbsp; Les choix de r\u00e9alisation &nbsp; &nbsp; \u00c9crits sur les photos du film &#8211; Diaporama Ecrit de Salom\u00e9 Avant de commencer \u00e0 d\u00e9velopper mes pens\u00e9es, je veux rappeler qu\u2019il n\u2019y a pas de bonne ou de mauvaise interpr\u00e9tation d\u2019un film. Ici, (et comme dans tous les films) l\u2019auteur fait [&hellip;]<\/p>\n","protected":false},"author":1,"featured_media":2001,"comment_status":"closed","ping_status":"closed","sticky":false,"template":"","format":"standard","meta":{"ngg_post_thumbnail":0},"categories":[9,14],"tags":[],"blocksy_meta":{"styles_descriptor":{"styles":{"desktop":"","tablet":"","mobile":""},"google_fonts":[],"version":6}},"_links":{"self":[{"href":"https:\/\/pbellevue.libreedu.ovh\/productions\/wpcdi\/index.php\/wp-json\/wp\/v2\/posts\/2000"}],"collection":[{"href":"https:\/\/pbellevue.libreedu.ovh\/productions\/wpcdi\/index.php\/wp-json\/wp\/v2\/posts"}],"about":[{"href":"https:\/\/pbellevue.libreedu.ovh\/productions\/wpcdi\/index.php\/wp-json\/wp\/v2\/types\/post"}],"author":[{"embeddable":true,"href":"https:\/\/pbellevue.libreedu.ovh\/productions\/wpcdi\/index.php\/wp-json\/wp\/v2\/users\/1"}],"replies":[{"embeddable":true,"href":"https:\/\/pbellevue.libreedu.ovh\/productions\/wpcdi\/index.php\/wp-json\/wp\/v2\/comments?post=2000"}],"version-history":[{"count":21,"href":"https:\/\/pbellevue.libreedu.ovh\/productions\/wpcdi\/index.php\/wp-json\/wp\/v2\/posts\/2000\/revisions"}],"predecessor-version":[{"id":2021,"href":"https:\/\/pbellevue.libreedu.ovh\/productions\/wpcdi\/index.php\/wp-json\/wp\/v2\/posts\/2000\/revisions\/2021"}],"wp:featuredmedia":[{"embeddable":true,"href":"https:\/\/pbellevue.libreedu.ovh\/productions\/wpcdi\/index.php\/wp-json\/wp\/v2\/media\/2001"}],"wp:attachment":[{"href":"https:\/\/pbellevue.libreedu.ovh\/productions\/wpcdi\/index.php\/wp-json\/wp\/v2\/media?parent=2000"}],"wp:term":[{"taxonomy":"category","embeddable":true,"href":"https:\/\/pbellevue.libreedu.ovh\/productions\/wpcdi\/index.php\/wp-json\/wp\/v2\/categories?post=2000"},{"taxonomy":"post_tag","embeddable":true,"href":"https:\/\/pbellevue.libreedu.ovh\/productions\/wpcdi\/index.php\/wp-json\/wp\/v2\/tags?post=2000"}],"curies":[{"name":"wp","href":"https:\/\/api.w.org\/{rel}","templated":true}]}}