{"id":2192,"date":"2018-03-19T09:50:50","date_gmt":"2018-03-19T08:50:50","guid":{"rendered":"https:\/\/pbellevue.libreedu.ovh\/productions\/wpcdi\/?p=2192"},"modified":"2018-05-14T15:54:09","modified_gmt":"2018-05-14T14:54:09","slug":"rencontre-avec-lauteur-sandrine-collette","status":"publish","type":"post","link":"https:\/\/pbellevue.libreedu.ovh\/productions\/wpcdi\/index.php\/2018\/03\/19\/rencontre-avec-lauteur-sandrine-collette\/","title":{"rendered":"Rencontre avec l&rsquo;auteur Sandrine Collette"},"content":{"rendered":"<p align=\"CENTER\"><strong><span color=\"#ff0000\"><span face=\"Times\"><span size=\"6\">RENCONTRE AVEC SANDRINE COLLETTE<\/span><\/span><\/span><\/strong><\/p>\n<p align=\"CENTER\"><a href=\"https:\/\/pbellevue.libreedu.ovh\/productions\/wpcdi\/wp-content\/uploads\/scollette.jpg\"><img decoding=\"async\" loading=\"lazy\" src=\"https:\/\/pbellevue.libreedu.ovh\/productions\/wpcdi\/wp-content\/uploads\/scollette.jpg\" alt=\"\" class=\"aligncenter size-full wp-image-2194\" width=\"195\" height=\"263\"><\/a><\/p>\n<h3 align=\"JUSTIFY\"><span color=\"#000000\"><span face=\"Times\"><span size=\"4\">Les \u00e9l\u00e8ves de 1\u00e8re S2 apr\u00e8s avoir lu <em>Il reste la poussi\u00e8re<\/em> de Sandrine Collette a rencontr\u00e9 la romanci\u00e8re le vendredi 26 janvier.<br \/>\n<\/span><\/span><\/span><\/h3>\n<p>Portraits chinois des personnages du livre et de 4\u00e8me de couverture \u00ab\u00a0\u00e0 leur fa\u00e7on\u00a0\u00bb&#8230;<\/p>\n<!-- index.php -->\n<div\n\tclass=\"ngg-galleryoverview ngg-ajax-pagination-none\"\n\tid=\"ngg-gallery-83062241abebdfa49a8c55d031caa655-1\">\n\n    \t<div class=\"slideshowlink\">\n        <a href='https:\/\/pbellevue.libreedu.ovh\/productions\/wpcdi\/index.php\/2018\/03\/19\/rencontre-avec-lauteur-sandrine-collette\/nggallery\/slideshow'>[Montrer sous forme de diaporama]<\/a>\n\t\t\n\t<\/div>\n\t\t\t<!-- Thumbnails -->\n\t\t\t\t<div id=\"ngg-image-0\" class=\"ngg-gallery-thumbnail-box\" >\n\t\t\t\t        <div class=\"ngg-gallery-thumbnail\">\n            <a href=\"https:\/\/pbellevue.libreedu.ovh\/productions\/wpcdi\/wp-content\/gallery\/sandrine-collette\/Portraits-chinois-page-001.jpg\"\n               title=\"\"\n               data-src=\"https:\/\/pbellevue.libreedu.ovh\/productions\/wpcdi\/wp-content\/gallery\/sandrine-collette\/Portraits-chinois-page-001.jpg\"\n               data-thumbnail=\"https:\/\/pbellevue.libreedu.ovh\/productions\/wpcdi\/wp-content\/gallery\/sandrine-collette\/thumbs\/thumbs_Portraits-chinois-page-001.jpg\"\n               data-image-id=\"96\"\n               data-title=\"Portraits-chinois-page-001\"\n               data-description=\"\"\n               data-image-slug=\"portraits-chinois-page-001\"\n               class=\"ngg-fancybox\" rel=\"83062241abebdfa49a8c55d031caa655\">\n                <img\n                    title=\"Portraits-chinois-page-001\"\n                    alt=\"Portraits-chinois-page-001\"\n                    src=\"https:\/\/pbellevue.libreedu.ovh\/productions\/wpcdi\/wp-content\/gallery\/sandrine-collette\/thumbs\/thumbs_Portraits-chinois-page-001.jpg\"\n                    width=\"240\"\n                    height=\"160\"\n                    style=\"max-width:100%;\"\n                \/>\n            <\/a>\n        <\/div>\n\t\t\t\t\t\t\t<\/div> \n\t\t\t\n        \n\t\t\t\t<div id=\"ngg-image-1\" class=\"ngg-gallery-thumbnail-box\" >\n\t\t\t\t        <div class=\"ngg-gallery-thumbnail\">\n            <a href=\"https:\/\/pbellevue.libreedu.ovh\/productions\/wpcdi\/wp-content\/gallery\/sandrine-collette\/Portraits-chinois-page-002.jpg\"\n               title=\"\"\n               data-src=\"https:\/\/pbellevue.libreedu.ovh\/productions\/wpcdi\/wp-content\/gallery\/sandrine-collette\/Portraits-chinois-page-002.jpg\"\n               data-thumbnail=\"https:\/\/pbellevue.libreedu.ovh\/productions\/wpcdi\/wp-content\/gallery\/sandrine-collette\/thumbs\/thumbs_Portraits-chinois-page-002.jpg\"\n               data-image-id=\"95\"\n               data-title=\"Portraits-chinois-page-002\"\n               data-description=\"\"\n               data-image-slug=\"portraits-chinois-page-002\"\n               class=\"ngg-fancybox\" rel=\"83062241abebdfa49a8c55d031caa655\">\n                <img\n                    title=\"Portraits-chinois-page-002\"\n                    alt=\"Portraits-chinois-page-002\"\n                    src=\"https:\/\/pbellevue.libreedu.ovh\/productions\/wpcdi\/wp-content\/gallery\/sandrine-collette\/thumbs\/thumbs_Portraits-chinois-page-002.jpg\"\n                    width=\"240\"\n                    height=\"160\"\n                    style=\"max-width:100%;\"\n                \/>\n            <\/a>\n        <\/div>\n\t\t\t\t\t\t\t<\/div> \n\t\t\t\n        \n\t\t\t\t<div id=\"ngg-image-2\" class=\"ngg-gallery-thumbnail-box\" >\n\t\t\t\t        <div class=\"ngg-gallery-thumbnail\">\n            <a href=\"https:\/\/pbellevue.libreedu.ovh\/productions\/wpcdi\/wp-content\/gallery\/sandrine-collette\/Portraits-chinois-page-003.jpg\"\n               title=\"\"\n               data-src=\"https:\/\/pbellevue.libreedu.ovh\/productions\/wpcdi\/wp-content\/gallery\/sandrine-collette\/Portraits-chinois-page-003.jpg\"\n               data-thumbnail=\"https:\/\/pbellevue.libreedu.ovh\/productions\/wpcdi\/wp-content\/gallery\/sandrine-collette\/thumbs\/thumbs_Portraits-chinois-page-003.jpg\"\n               data-image-id=\"94\"\n               data-title=\"Portraits chinois-page-003\"\n               data-description=\"\"\n               data-image-slug=\"portraits-chinois-page-003\"\n               class=\"ngg-fancybox\" rel=\"83062241abebdfa49a8c55d031caa655\">\n                <img\n                    title=\"Portraits chinois-page-003\"\n                    alt=\"Portraits chinois-page-003\"\n                    src=\"https:\/\/pbellevue.libreedu.ovh\/productions\/wpcdi\/wp-content\/gallery\/sandrine-collette\/thumbs\/thumbs_Portraits-chinois-page-003.jpg\"\n                    width=\"240\"\n                    height=\"160\"\n                    style=\"max-width:100%;\"\n                \/>\n            <\/a>\n        <\/div>\n\t\t\t\t\t\t\t<\/div> \n\t\t\t\n        \n\t\t\t\t<div id=\"ngg-image-3\" class=\"ngg-gallery-thumbnail-box\" >\n\t\t\t\t        <div class=\"ngg-gallery-thumbnail\">\n            <a href=\"https:\/\/pbellevue.libreedu.ovh\/productions\/wpcdi\/wp-content\/gallery\/sandrine-collette\/Portraits-chinois-page-004.jpg\"\n               title=\"\"\n               data-src=\"https:\/\/pbellevue.libreedu.ovh\/productions\/wpcdi\/wp-content\/gallery\/sandrine-collette\/Portraits-chinois-page-004.jpg\"\n               data-thumbnail=\"https:\/\/pbellevue.libreedu.ovh\/productions\/wpcdi\/wp-content\/gallery\/sandrine-collette\/thumbs\/thumbs_Portraits-chinois-page-004.jpg\"\n               data-image-id=\"93\"\n               data-title=\"Portraits-chinois-page-004\"\n               data-description=\"\"\n               data-image-slug=\"portraits-chinois-page-004\"\n               class=\"ngg-fancybox\" rel=\"83062241abebdfa49a8c55d031caa655\">\n                <img\n                    title=\"Portraits-chinois-page-004\"\n                    alt=\"Portraits-chinois-page-004\"\n                    src=\"https:\/\/pbellevue.libreedu.ovh\/productions\/wpcdi\/wp-content\/gallery\/sandrine-collette\/thumbs\/thumbs_Portraits-chinois-page-004.jpg\"\n                    width=\"240\"\n                    height=\"160\"\n                    style=\"max-width:100%;\"\n                \/>\n            <\/a>\n        <\/div>\n\t\t\t\t\t\t\t<\/div> \n\t\t\t\n        \n\t\t\t\t<div id=\"ngg-image-4\" class=\"ngg-gallery-thumbnail-box\" >\n\t\t\t\t        <div class=\"ngg-gallery-thumbnail\">\n            <a href=\"https:\/\/pbellevue.libreedu.ovh\/productions\/wpcdi\/wp-content\/gallery\/sandrine-collette\/Portraits-chinois-page-005.jpg\"\n               title=\"\"\n               data-src=\"https:\/\/pbellevue.libreedu.ovh\/productions\/wpcdi\/wp-content\/gallery\/sandrine-collette\/Portraits-chinois-page-005.jpg\"\n               data-thumbnail=\"https:\/\/pbellevue.libreedu.ovh\/productions\/wpcdi\/wp-content\/gallery\/sandrine-collette\/thumbs\/thumbs_Portraits-chinois-page-005.jpg\"\n               data-image-id=\"92\"\n               data-title=\"Portraits-chinois-page-005\"\n               data-description=\"\"\n               data-image-slug=\"portraits-chinois-page-005\"\n               class=\"ngg-fancybox\" rel=\"83062241abebdfa49a8c55d031caa655\">\n                <img\n                    title=\"Portraits-chinois-page-005\"\n                    alt=\"Portraits-chinois-page-005\"\n                    src=\"https:\/\/pbellevue.libreedu.ovh\/productions\/wpcdi\/wp-content\/gallery\/sandrine-collette\/thumbs\/thumbs_Portraits-chinois-page-005.jpg\"\n                    width=\"240\"\n                    height=\"160\"\n                    style=\"max-width:100%;\"\n                \/>\n            <\/a>\n        <\/div>\n\t\t\t\t\t\t\t<\/div> \n\t\t\t\n        \n\t\t\t\t<div id=\"ngg-image-5\" class=\"ngg-gallery-thumbnail-box\" >\n\t\t\t\t        <div class=\"ngg-gallery-thumbnail\">\n            <a href=\"https:\/\/pbellevue.libreedu.ovh\/productions\/wpcdi\/wp-content\/gallery\/sandrine-collette\/4e_me-de-couverture-recto-page-001.jpg\"\n               title=\"\"\n               data-src=\"https:\/\/pbellevue.libreedu.ovh\/productions\/wpcdi\/wp-content\/gallery\/sandrine-collette\/4e_me-de-couverture-recto-page-001.jpg\"\n               data-thumbnail=\"https:\/\/pbellevue.libreedu.ovh\/productions\/wpcdi\/wp-content\/gallery\/sandrine-collette\/thumbs\/thumbs_4e_me-de-couverture-recto-page-001.jpg\"\n               data-image-id=\"98\"\n               data-title=\"4e_me de couverture recto-page-001\"\n               data-description=\"\"\n               data-image-slug=\"4e_me-de-couverture-recto-page-001\"\n               class=\"ngg-fancybox\" rel=\"83062241abebdfa49a8c55d031caa655\">\n                <img\n                    title=\"4e_me de couverture recto-page-001\"\n                    alt=\"4e_me de couverture recto-page-001\"\n                    src=\"https:\/\/pbellevue.libreedu.ovh\/productions\/wpcdi\/wp-content\/gallery\/sandrine-collette\/thumbs\/thumbs_4e_me-de-couverture-recto-page-001.jpg\"\n                    width=\"240\"\n                    height=\"160\"\n                    style=\"max-width:100%;\"\n                \/>\n            <\/a>\n        <\/div>\n\t\t\t\t\t\t\t<\/div> \n\t\t\t\n        \n\t\t\t\t<div id=\"ngg-image-6\" class=\"ngg-gallery-thumbnail-box\" >\n\t\t\t\t        <div class=\"ngg-gallery-thumbnail\">\n            <a href=\"https:\/\/pbellevue.libreedu.ovh\/productions\/wpcdi\/wp-content\/gallery\/sandrine-collette\/4e_me-de-couverture-verso-page-001.jpg\"\n               title=\"\"\n               data-src=\"https:\/\/pbellevue.libreedu.ovh\/productions\/wpcdi\/wp-content\/gallery\/sandrine-collette\/4e_me-de-couverture-verso-page-001.jpg\"\n               data-thumbnail=\"https:\/\/pbellevue.libreedu.ovh\/productions\/wpcdi\/wp-content\/gallery\/sandrine-collette\/thumbs\/thumbs_4e_me-de-couverture-verso-page-001.jpg\"\n               data-image-id=\"97\"\n               data-title=\"4e_me-de-couverture-verso-page-001\"\n               data-description=\"\"\n               data-image-slug=\"4e_me-de-couverture-verso-page-001\"\n               class=\"ngg-fancybox\" rel=\"83062241abebdfa49a8c55d031caa655\">\n                <img\n                    title=\"4e_me-de-couverture-verso-page-001\"\n                    alt=\"4e_me-de-couverture-verso-page-001\"\n                    src=\"https:\/\/pbellevue.libreedu.ovh\/productions\/wpcdi\/wp-content\/gallery\/sandrine-collette\/thumbs\/thumbs_4e_me-de-couverture-verso-page-001.jpg\"\n                    width=\"240\"\n                    height=\"160\"\n                    style=\"max-width:100%;\"\n                \/>\n            <\/a>\n        <\/div>\n\t\t\t\t\t\t\t<\/div> \n\t\t\t\n        \n\t\t\n\t\t<!-- Pagination -->\n\t<div class='ngg-clear'><\/div>\t<\/div>\n\n<h3 align=\"JUSTIFY\"><span color=\"#000000\"><span face=\"Times\"><span size=\"4\">Compte-rendu de la rencontre<\/span><\/span><\/span><\/h3>\n<p align=\"JUSTIFY\"><em><strong><span color=\"#280099\"><span face=\"Times\"><span size=\"3\"><span color=\"#008000\">Classe:<\/span><span color=\"#000000\"> <\/span>Est-ce-que toute la violence pr\u00e9sente dans le livre \u00e9tait n\u00e9cessaire ? Y a-t-il un rapport avec votre v\u00e9cu ?<\/span><\/span><\/span><\/strong><\/em><\/p>\n<p align=\"JUSTIFY\"><span color=\"#000000\"><span face=\"Times\"><span size=\"3\"><span color=\"#008000\"><strong>Sandrine Collette<\/strong>:<\/span> Dans un livre il y a toujours quelque chose de l&rsquo;auteur ; la violence dans un milieu rural est tr\u00e8s souvent familiale, or il faut savoir que, dans le milieu rural, le seul horizon c&rsquo;est tr\u00e8s souvent la famille et c&rsquo;est aussi probablement le pire car il n&rsquo;y a pas d&rsquo;\u00e9chappatoire. Je le sais car je suis issue d&rsquo;un milieu rural. La violence du livre refl\u00e8te la r\u00e9alit\u00e9 ; il y a des endroits o\u00f9 les personnes sont privil\u00e9gi\u00e9es et d&rsquo;autres qui vivent dans la violence et dans la difficult\u00e9.<\/span><\/span><\/span><\/p>\n<p align=\"JUSTIFY\"><span color=\"#000000\"><span face=\"Times\"><span size=\"3\">Mais dans le livre la m\u00e8re ne ressemble pas du tout \u00e0 la mienne, je me suis surtout inspir\u00e9e de personnages tels que les sorci\u00e8res, qui repr\u00e9sentent la m\u00e9chancet\u00e9 et la violence.<\/span><\/span><\/span><\/p>\n<p align=\"JUSTIFY\"><em><strong><span color=\"#280099\"><span face=\"Times\"><span size=\"3\"><span color=\"#008000\">C: <\/span>Quel est le genre du roman selon vous ? Car il est classifi\u00e9 dans la cat\u00e9gorie polar mais nous avons globalement trouv\u00e9 que c&rsquo;\u00e9tait plut\u00f4t un roman noir.<\/span><\/span><\/span><\/strong><\/em><\/p>\n<p align=\"JUSTIFY\"><span color=\"#000000\"><span face=\"Times\"><span size=\"3\"><span color=\"#008000\"><strong>S.C<\/strong>:<\/span> Oui, effectivement, le terme \u00ab&nbsp;polar&nbsp;\u00bb regroupe beaucoup de choses ! Mais c&rsquo;est l&rsquo;\u00e9diteur qui d\u00e9cide de la classification ; mais bon ce n&rsquo;est pas grave, car la vraie chance ce n&rsquo;est pas de d\u00e9cider de la classification de son livre mais d&rsquo;avoir son livre publi\u00e9 par un \u00e9diteur ! Un roman est une partie de soi-m\u00eame qui permet de transcrire des r\u00eaves, des choses qui ont \u00e9t\u00e9 v\u00e9cues par des proches. C&rsquo;est un roman policier, une histoire noire mais il a \u00e9t\u00e9 class\u00e9 comme polar. Je n&rsquo;\u00e9tais pas d&rsquo;accord avec avec cette id\u00e9e car les polars sont souvent consid\u00e9r\u00e9s comme des livres \u00a0\u00bbmal \u00e9crits \u00a0\u00bb. La \u00ab&nbsp;reclassification&nbsp;\u00bb de mon livre me rend plus heureuse \u00e9tant donn\u00e9 qu\u2019il a \u00e9t\u00e9 finalement class\u00e9 comme roman noir.<\/span><\/span><\/span><\/p>\n<p align=\"JUSTIFY\"><em><strong><span color=\"#280099\"><span face=\"Times\"><span size=\"3\"><span color=\"#008000\">C: <\/span>Le roman se passe en Patagonie et nous nous demandons si vous avez un quelconque rapport avec cet endroit.<\/span><\/span><\/span><\/strong><\/em><\/p>\n<p align=\"JUSTIFY\"><span color=\"#000000\"><span face=\"Times\"><span size=\"3\"><strong><span color=\"#008000\">S.C: <\/span><\/strong>Non je n&rsquo;ai aucun rapport avec la Patagonie. En r\u00e9alit\u00e9 je voulais \u00e0 la base placer le roman dans l&rsquo;ouest des \u00c9tats-Unis mais il y a d\u00e9j\u00e0 \u00e9norm\u00e9ment de livres qui se passent dans cet endroit ; donc j&rsquo;ai cherch\u00e9 une autre possibilit\u00e9 et j&rsquo;ai pens\u00e9 \u00e0 la steppe mongole mais il y avait aussi pas mal de livres dont l&rsquo;histoire se passe dans cet endroit.<\/span><\/span><\/span><\/p>\n<p align=\"JUSTIFY\"><span color=\"#000000\"><span face=\"Times\"><span size=\"3\">Donc finalement je suis tomb\u00e9e sur la Patagonie en cherchant, car je savais d\u00e9j\u00e0 quels types de paysages je recherchais pour placer mon histoire. Et j\u2019ai choisi ce lieu pour me d\u00e9marquer.<\/span><\/span><\/span><\/p>\n<p align=\"JUSTIFY\"><span color=\"#000000\"><span face=\"Times\"><span size=\"3\">Je r\u00e9fl\u00e9chis \u00e0 l&rsquo;histoire puis je fais un lien entre l&rsquo;histoire et un lieu ressemblant qui peut correspondre. Je ne suis pas all\u00e9e en Patagonie mais j&rsquo;ai lu des documents historiques, sociaux, \u00e9conomiques, politiques pour apprendre l&rsquo;histoire de ce pays. <\/span><\/span><\/span><\/p>\n<p align=\"JUSTIFY\"><em><strong><span color=\"#280099\"><span face=\"Times\"><span size=\"3\"><span color=\"#008000\">C<\/span><span color=\"#000000\">: <\/span>Nous nous demandions comment vous avez \u00e9crit votre livre , par quoi vous avez commenc\u00e9.<\/span><\/span><\/span><\/strong><\/em><\/p>\n<p align=\"JUSTIFY\"><span color=\"#000000\"><span face=\"Times\"><span size=\"3\"><span color=\"#008000\"><strong>S.C<\/strong>:<\/span> Au d\u00e9but le livre \u00e9tait \u00a0\u00bblin\u00e9aire\u00a0\u00bb sans point de vue interne ; pour avoir les diff\u00e9rents points de vue, je me suis mise dans la t\u00eate des personnages pour avoir diff\u00e9rents regards.Ce n&rsquo;est pas un sch\u00e9ma classique avec le narrateur qui parle pour tous ses personnages, cela permet de suivre les personnages n&rsquo;importe o\u00f9 ; le fait de changer de point de vue est int\u00e9ressant. Cela donne une certaine puissance de se mettre dans la peau de plusieurs personnages m\u00eame dans ceux que l&rsquo;on n\u2019aime pas. Les lecteurs s&rsquo;interrogent sur eux-m\u00eames pour savoir ce qu&rsquo;il va se passer, ce que les personnages vont faire. J\u2019ai donc d&rsquo;abord \u00e9crit mon livre \u00e0 la 3\u00e8me personne du singulier. Mais vous savez, lors de l&rsquo;\u00e9criture de mon livre, j&rsquo;ai jet\u00e9 entre 1\/3 et 1\/2 du roman en g\u00e9n\u00e9ral. J&rsquo;ai recommenc\u00e9 pas mal de choses car les personnages \u00e9taient au d\u00e9but beaucoup trop silencieux ; pour arriver \u00e0 ce r\u00e9sultat, j&rsquo;ai d\u00fb me mettre \u00e0 leur place. J&rsquo;aime faire des changements de point de vue car je peux avoir diff\u00e9rents regards sur l\u2019action et cela me rend \u00ab&nbsp;puissante&nbsp;\u00bb, je suis une sorte de cam\u00e9l\u00e9on, ce qui me donne une imagination infinie. Quand j&rsquo;\u00e9cris mon histoire je fais un plan pour la construire. Tout doit \u00eatre justifi\u00e9 ; je me demande si le personnage m\u00e9rite le destin qui lui a \u00e9t\u00e9 trac\u00e9 ou bien un autre.<\/span><\/span><\/span><\/p>\n<p align=\"JUSTIFY\"><em><strong><span color=\"#280099\"><span face=\"Times\"><span size=\"3\"><span color=\"#008000\">C: <\/span>Nous nous demandions aussi comment avez-vous choisi les pr\u00e9noms&nbsp;?<\/span><\/span><\/span><\/strong><\/em><\/p>\n<p align=\"JUSTIFY\"><span color=\"#000000\"><span face=\"Times\"><span size=\"3\"><strong><span color=\"#008000\">S.C:<\/span> <\/strong>Pour les pr\u00e9noms, cela a \u00e9t\u00e9 tr\u00e8s long et compliqu\u00e9, de longs jours de recherches ; c&rsquo;est un peu comme chercher le pr\u00e9nom de ses enfants : soit on sait d\u00e8s le d\u00e9but, soit on ne sait pas. Les pr\u00e9noms sont importants dans une histoire : \u00e7a permet d&rsquo;avoir de la r\u00e9sonance.Par exemple la m\u00e8re n&rsquo;a pas de pr\u00e9nom pour ne pas que certains lecteurs soient \u00a0\u00bbcompar\u00e9s\u2019\u2019 \u00e0 elle, il pourrait y avoir un impact sur le lecteur. Ne pas avoir de pr\u00e9nom signifie que \u00e7a peut \u00eatre personne et tout le monde \u00e0 la fois. Pour Mauro, \u00e9galement, puissant comme un boeuf, j&rsquo;ai \u00e9pluch\u00e9 beaucoup de calendriers diff\u00e9rents pour trouver ce nom qui correspond un peu au personnage. Dans \u00ab&nbsp;Mauro&nbsp;\u00bb, on entend \u00ab&nbsp;mort&nbsp;\u00bb. \u00ab&nbsp;Rafael&nbsp;\u00bb fait penser \u00e0 l\u2019ange.<\/span><\/span><\/span><\/p>\n<p align=\"JUSTIFY\"><em><strong><span color=\"#280099\"><span face=\"Times\"><span size=\"3\"><span color=\"#008000\">C: <\/span>Derri\u00e8re la noirceur, peut-on parler pour ce roman de dimension sociale, \u00e0 travers le racisme ou encore la m\u00e8re&nbsp;?<\/span><\/span><\/span><\/strong><\/em><\/p>\n<p align=\"JUSTIFY\"><span color=\"#000000\"><span face=\"Times\"><span size=\"3\"><span color=\"#008000\"><strong>S.C<\/strong>:<\/span> Ce livre n&rsquo;est pas un livre engag\u00e9. Pour tout ce qui est de l&rsquo;aspect social, en r\u00e9alit\u00e9 c&rsquo;est juste beaucoup de documentation&nbsp;: documentation internet , documents d&rsquo;histoire et documents sociaux. On peut inventer l&rsquo;histoire des personnages mais ce qui est autour doit \u00eatre coh\u00e9rent.<\/span><\/span><\/span><\/p>\n<p align=\"JUSTIFY\"><span color=\"#000000\"><span face=\"Times\"><span size=\"3\">Il ne fallait donc pas qu&rsquo;il y ait d&rsquo;incoh\u00e9rences par rapport au lieu et \u00e0 l&rsquo;\u00e9poque qui, en l\u2019occurrence, est le d\u00e9but de la mondialisation : exportation de viande, bateaux frigorifiques, expropriation des \u00e9leveurs d&rsquo;Argentine. Tout ce fond social est utilis\u00e9 pour donner de la profondeur au livre. Ce livre est lent pour un livre noir, il y a un c\u00f4t\u00e9 cyclique (par exemple les saisons, le moment de la tonte des b\u00eates). Enfin la m\u00e8re ne veut rien changer \u00e0 la fa\u00e7on d\u2019\u00e9lever ses enfants .<\/span><\/span><\/span><\/p>\n<p align=\"JUSTIFY\"><em><strong><span color=\"#280099\"><span face=\"Times\"><span size=\"3\"><span color=\"#008000\">C: <\/span>Est-ce-que la construction du roman \u00e9tait pr\u00e9vue&nbsp;?<\/span><\/span><\/span><\/strong><\/em><\/p>\n<p align=\"JUSTIFY\"><span color=\"#000000\"><span face=\"Times\"><span size=\"3\"><strong><span color=\"#008000\">S.C:<\/span> <\/strong>Oui, par exemple j&rsquo;ai choisi 30 chapitres donc 30 points de vues et 30 mots-clefs. Dans un livre il n&rsquo;y a rien qui ne doit servir \u00e0 rien, tout se justifie m\u00eame la violence. <\/span><\/span><\/span><\/p>\n<p align=\"JUSTIFY\"><em><strong><span color=\"#280099\"><span face=\"Times\"><span size=\"3\"><span color=\"#008000\">C:<\/span><span color=\"#000000\"> <\/span>Certaines personnes de la classe trouvent que la fin n&rsquo;est pas coh\u00e9rente, d&rsquo;autres pensent le contraire. Vous qu&rsquo;en pensez-vous&nbsp;?<\/span><\/span><\/span><\/strong><\/em><\/p>\n<p align=\"JUSTIFY\"><span color=\"#000000\"><span face=\"Times\"><span size=\"3\"><span color=\"#008000\"><strong>S.C<\/strong>:<\/span> A la fin le choix de Rafael, au moment o\u00f9 il r\u00e9cup\u00e8re le sac, son id\u00e9e premi\u00e8re c&rsquo;est que tout va changer et effectivement tout change mais en mal : l\u2019argent a apport\u00e9 un sentiment de malheur sur la famille alors il a voulu s&rsquo;en d\u00e9barrasser ce qui est improbable, car tout le monde n&rsquo;aurait pas fait ce choix l\u00e0. Pour moi, cette fin a \u00e9t\u00e9 difficile \u00e0 \u00e9crire.<\/span><\/span><\/span><\/p>\n<p align=\"JUSTIFY\"><em><strong><span color=\"#280099\"><span face=\"Times\"><span size=\"3\"><span color=\"#008000\">C: <\/span>Nous nous demandons aussi pourquoi un chapitre \u00ab&nbsp;mystique&nbsp;\u00bb sur la mort de la m\u00e8re dans un roman aussi r\u00e9aliste&nbsp;?<\/span><\/span><\/span><\/strong><\/em><\/p>\n<p align=\"JUSTIFY\"><span color=\"#000000\"><span face=\"Times\"><span size=\"3\"><strong><span color=\"#008000\">S.C:<\/span> <\/strong>Je me suis fait plaisir en faisant parler un personnage qui \u00e9tait mort (apr\u00e8s tout pourquoi pas voir la m\u00e8re comme une poule dont on vient de couper la t\u00eate et qui caquette encore un peu avant de rendre son dernier souffle). Ce chapitre apporte un sentiment de doute : est-elle morte&nbsp;? Est ce qu&rsquo;elle a \u00e9t\u00e9 enterr\u00e9e vivante&nbsp;? Il faut un certain moment de r\u00e9action pour le lecteur, ce qui apporte un c\u00f4t\u00e9 magique, surnaturel dans l&rsquo;histoire. La m\u00e8re est tellement \u00a0\u00bbforte\u00a0\u00bb qu&rsquo;elle peut parler m\u00eame en \u00e9tant morte. Pour moi, \u00e9crire ce passage \u00e9tait dr\u00f4le.<\/span><\/span><\/span><\/p>\n<p align=\"JUSTIFY\"><em><strong><span color=\"#280099\"><span face=\"Times\"><span size=\"3\"><span color=\"#008000\">C:<\/span><span color=\"#000000\"> <\/span>Dans ce roman r\u00e9aliste il y a aussi un certain concours de circonstances, quant \u00e0 l&rsquo;obtention de l&rsquo;argent par Rafael. Cela est-il vraiment possible&nbsp;?<\/span><\/span><\/span><\/strong><\/em><\/p>\n<p align=\"JUSTIFY\"><span color=\"#000000\"><span face=\"Times\"><span size=\"3\"><strong><span color=\"#008000\">S.C: <\/span><\/strong>Oui, pourquoi pas&nbsp;? C&rsquo;est peu probable mais cela pourrait arriver et puis je crois aux co\u00efncidences.<\/span><\/span><\/span><\/p>\n<p align=\"JUSTIFY\"><em><strong><span color=\"#280099\"><span face=\"Times\"><span size=\"3\"><span color=\"#008000\">C:<\/span><span color=\"#000000\"> <\/span>Comment avez-vous construit la famille ? Avez-vous commenc\u00e9 d&rsquo;abord par Rafael par exemple, ou est-ce-que vous avez eu une id\u00e9e tr\u00e8s claire des le d\u00e9but quant \u00e0 la composition de la famille&nbsp;?<\/span><\/span><\/span><\/strong><\/em><\/p>\n<p align=\"JUSTIFY\"><span color=\"#000000\"><span face=\"Times\"><span size=\"3\"><span color=\"#008000\"><strong>S.C<\/strong>:<\/span> Mon id\u00e9e de d\u00e9part c&rsquo;\u00e9tait une famille monoparentale, mais la question que je me suis pos\u00e9e c\u2019\u00e9tait de garder le p\u00e8re ou la m\u00e8re ? J\u2019avais aussi l\u2019id\u00e9e d\u2019une famille rude, toxique&#8230;<\/span><\/span><\/span><\/p>\n<p align=\"JUSTIFY\"><em><strong><span color=\"#280099\"><span face=\"Times\"><span size=\"3\"><span color=\"#008000\">C:<\/span><span color=\"#000000\"> <\/span>Dans le roman nous avons droit \u00e0 des sc\u00e8nes quelquefois d\u00e9rangeantes. Pourquoi ce choix-l\u00e0 ?<\/span><\/span><\/span><\/strong><\/em><\/p>\n<p align=\"JUSTIFY\"><span color=\"#000000\"><span face=\"Times\"><span size=\"3\"><span color=\"#008000\"><strong>S.C<\/strong>:<\/span> Parce que la vie est faite ainsi&nbsp;! La violence est naturelle. Vous savez, je viens d&rsquo;un milieu rural o\u00f9 se produisent les sc\u00e8nes que je raconte dans le roman.<\/span><\/span><\/span><\/p>\n<p align=\"JUSTIFY\"><em><strong><span color=\"#280099\"><span face=\"Times\"><span size=\"3\"><span color=\"#008000\">C:<\/span><span color=\"#000000\"> <\/span>A quoi sert l&rsquo;histoire personnelle du vieux&nbsp;?<\/span><\/span><\/span><\/strong><\/em><\/p>\n<p align=\"JUSTIFY\"><span face=\"Times\"><span size=\"3\"><span color=\"#008000\"><strong>S.C<\/strong>: <\/span>Certaines sc\u00e8nes sont inutiles mais elles restent quand m\u00eame. <span color=\"#000000\">Cette histoire sert \u00e0 aborder une r\u00e9flexion sur la mort.<\/span><\/span><\/span><\/p>\n<p align=\"JUSTIFY\"><em><strong><span color=\"#280099\"><span face=\"Times\"><span size=\"3\"><span color=\"#008000\">C:<\/span> Y a t-il des passages auxquels vous avez renonc\u00e9 ?<\/span><\/span><\/span><\/strong><\/em><\/p>\n<p align=\"JUSTIFY\"><span color=\"#000000\"><span face=\"Times\"><span size=\"3\"><span color=\"#008000\"><strong>S.C<\/strong>: <\/span>J&rsquo;ai \u00e9crit ce livre tr\u00e8s vite, \u00e0 la base il faisait 180 pages donc il avait besoin au contraire d&rsquo;\u00eatre fourni un peu plus. Je n&rsquo;ai jamais renonc\u00e9 \u00e0 un livre par manque d&rsquo;id\u00e9es, mais certains passages du livre ont \u00e9t\u00e9 r\u00e9\u00e9crits enti\u00e8rement..<\/span><\/span><\/span><\/p>\n<p align=\"JUSTIFY\"><em><strong><span color=\"#280099\"><span face=\"Times\"><span size=\"3\"><span color=\"#008000\">C:<\/span> Y a t-il des fa\u00e7ons diff\u00e9rentes d&rsquo;\u00e9crire un livre&nbsp;?<\/span><\/span><\/span><\/strong><\/em><\/p>\n<p align=\"JUSTIFY\"><span color=\"#000000\"><span face=\"Times\"><span size=\"3\"><span color=\"#008000\"><strong>S.C<\/strong>:<\/span> Il y a selon moi deux types d&rsquo;auteurs diff\u00e9rents&nbsp;: la premi\u00e8re cat\u00e9gorie a beaucoup d&rsquo;id\u00e9es mais a le fameux souci de la page blanche et la deuxi\u00e8me cat\u00e9gorie n&rsquo;a pas beaucoup d&rsquo;id\u00e9es mais n&rsquo;a aucun mal \u00e0 \u00e9crire. Ce livre a \u00e9t\u00e9 \u00e9crit assez rapidement : j\u2019ai mis 4 mois d&rsquo;\u00e9criture une fois l&rsquo;id\u00e9e trouv\u00e9e, mais \u00e7a m&rsquo;a pris un an en tout. En ce qui me concerne je n&rsquo;ai pas de probl\u00e8me d&rsquo;\u00e9criture (de page blanche) mais des probl\u00e8mes d&rsquo;id\u00e9es. <\/span><\/span><\/span><\/p>\n<p align=\"JUSTIFY\"><em><strong><span color=\"#280099\"><span face=\"Times\"><span size=\"3\"><span color=\"#008000\">C:<\/span><span color=\"#000000\"> <\/span>Le mot \u00ab&nbsp;poussi\u00e8re&nbsp;\u00bb revient souvent : d\u2019abord dans le titre ,puis dans le livre \u00e0 plusieurs reprises. Pourquoi avez-vous choisi ce titre pour votre livre&nbsp;?<\/span><\/span><\/span><\/strong><\/em><\/p>\n<p align=\"JUSTIFY\"><span color=\"#000000\"><span face=\"Times\"><span size=\"3\"><strong><span color=\"#008000\">S.C:<\/span><\/strong> La fameuse question \u00e9pineuse du titre ! Alors en r\u00e9alit\u00e9, cette histoire de titre est une sorte de guerre avec l&rsquo;\u00e9diteur, c&rsquo;est-\u00e0-dire que personne n&rsquo;est d&rsquo;accord Vous savez, un titre c&rsquo;est un peu comme un CV ,donc ce doit \u00eatre attirant. Apr\u00e8s plusieurs propositions de titre pour mon livre de ma part, \u00e0 la base le livre devait s&rsquo;intituler Le Chien dans l\u2019\u0153il gauche de Rafael, l&rsquo;\u00e9diteur et moi-m\u00eame avons choisi un titre qui est certes beaucoup plus accrocheur mais qui me plaisait un peu moins (Il reste la poussi\u00e8re). Le titre sert \u00e0 inciter les lecteurs \u00e0 lire la quatri\u00e8me de couverture. <\/span><\/span><\/span><\/p>\n<p align=\"JUSTIFY\"><span color=\"#000000\"><span face=\"Times\"><span size=\"3\">Le mot \u00a0\u00bbpoussi\u00e8re\u00a0\u00bb commence avec Rafael qui se fait tra\u00eener par ses fr\u00e8res et termine le livre quand Steban part de l&rsquo;estancia.<\/span><\/span><\/span><\/p>\n<p align=\"JUSTIFY\"><em><strong><span color=\"#280099\"><span face=\"Times\"><span size=\"3\"><span color=\"#008000\">C:<\/span><span color=\"#000000\"> <\/span>Pour la 1\u00e8re de couverture, est-ce-que c&rsquo;est vous qui avez choisi&nbsp;?<\/span><\/span><\/span><\/strong><\/em><\/p>\n<p align=\"JUSTIFY\"><span color=\"#000000\"><span face=\"Times\"><span size=\"3\"><span color=\"#008000\"><strong>S.C<\/strong>:<\/span> Alors non, j&rsquo;ai juste choisi entre plusieurs propositions faites par l&rsquo;\u00e9diteur et je dois avouer que je ne suis pas totalement fan. Selon moi, la page de couverture doit \u00eatre attirante ainsi que le titre (choix des couleurs, de l&rsquo;\u00e9criture du titre&#8230;). L&rsquo;illustration de la premi\u00e8re de couverture n&rsquo;est pas forc\u00e9ment attirante pour le lecteur.<\/span><\/span><\/span><\/p>\n<p align=\"JUSTIFY\"><em><strong><span color=\"#280099\"><span face=\"Times\"><span size=\"3\"><span color=\"#008000\">C:<\/span> C&rsquo;est un roman assez descriptif, comment avez-vous donn\u00e9 du rythme \u00e0 ce roman&nbsp;?<\/span><\/span><\/span><\/strong><\/em><\/p>\n<p align=\"JUSTIFY\"><span color=\"#000000\"><span face=\"Times\"><span size=\"3\"><span color=\"#008000\"><strong>S.C<\/strong>:<\/span> C&rsquo;est assez instinctif, c&rsquo;est un roman assez lent et cyclique qui a un fort rapport aux saisons qui passent et reviennent.<\/span><\/span><\/span><\/p>\n<p align=\"JUSTIFY\"><em><strong><span color=\"#280099\"><span face=\"Times\"><span size=\"3\"><span color=\"#008000\">C: <\/span>Y a t-il une adaptation cin\u00e9matographique de pr\u00e9vue&nbsp;?<\/span><\/span><\/span><\/strong><\/em><\/p>\n<p align=\"JUSTIFY\"><span color=\"#000000\"><span face=\"Times\"><span size=\"3\"><span color=\"#008000\"><strong>S.C<\/strong>: <\/span>Alors oui c&rsquo;est pr\u00e9vue. Mais vous savez, pour un auteur il y a deux cons\u00e9crations : premi\u00e8rement la traduction dans d&rsquo;autres langues et deuxi\u00e8mement une adaptation cin\u00e9matographique ; mais on prend le risque de perdre tous les droits, donc de voir tout changer ( titre, noms des personnages&#8230;) ce qui ne serait plus mon livre. Mais quand on nous propose une adaptation au cin\u00e9ma on ne peut pas refuser une telle offre.<\/span><\/span><\/span><\/p>\n<p align=\"JUSTIFY\"><em><strong><span color=\"#280099\"><span face=\"Times\"><span size=\"3\"><span color=\"#008000\">C: <\/span>Vivez-vous de vos livres&nbsp;?<\/span><\/span><\/span><\/strong><\/em><\/p>\n<p align=\"JUSTIFY\"><span color=\"#000000\"><span face=\"Times\"><span size=\"3\"><strong><span color=\"#008000\">S.C:<\/span><\/strong> Oui, j&rsquo;arrive \u00e0 vivre de mes livres, je gagne environ 50000 euros par an, en fonction des ventes. Je touche environ 10&nbsp;% du prix de vente. <\/span><\/span><\/span><\/p>\n<p align=\"JUSTIFY\"><span color=\"#000000\"><span face=\"Times\"><span size=\"3\">Pour les revenus je signe un contrat en fonction des ventes de livre (80 000 livres vendus par an + les poches). <\/span><\/span><\/span><\/p>\n<p align=\"JUSTIFY\"><em><strong><span color=\"#000080\"><span face=\"Times\"><span size=\"3\"><span color=\"#008000\">C:<\/span><span color=\"#000000\"> <\/span>Pourquoi tant de violence ?<\/span><\/span><\/span><\/strong><\/em><\/p>\n<p align=\"JUSTIFY\"><span face=\"Times\"><span size=\"3\"><strong><span color=\"#008000\">S.C: <\/span><\/strong>La violence du livre refl\u00e8te la r\u00e9alit\u00e9, il y a des endroits o\u00f9 les personnes sont privil\u00e9gi\u00e9es et d&rsquo;autres qui vivent dans la violence et dans la difficult\u00e9.<\/span><\/span><\/p>\n<p align=\"JUSTIFY\"><span color=\"#280099\"><span face=\"Times\"><span size=\"3\"><em><strong><span color=\"#008000\">C:<\/span> La fin est un peu brutale, envisagez-vous une suite pour ce roman&nbsp;?<\/strong><\/em><span color=\"#000000\"> <\/span><\/span><\/span><\/span><\/p>\n<p align=\"JUSTIFY\"><span color=\"#000000\"><span face=\"Times\"><span size=\"3\"><span color=\"#008000\"><strong>S.C<\/strong>:<\/span> Je pense \u00e0 une suite de l&rsquo;histoire mais avec la crainte qu&rsquo;elle ne soit pas \u00e0 la hauteur de ce roman et donc de d\u00e9cevoir les lecteurs. Dans environ 80% des cas la suite est un \u00e9chec. <\/span><\/span><\/span><\/p>\n<p align=\"JUSTIFY\"><em><strong><span color=\"#280099\"><span face=\"Times\"><span size=\"3\"><span color=\"#008000\">C:<\/span> Aimez-vous les livres num\u00e9riques&nbsp;?<\/span><\/span><\/span><\/strong><\/em><\/p>\n<p align=\"JUSTIFY\"><span color=\"#000000\"><span face=\"Times\"><span size=\"3\"><span color=\"#008000\"><strong>S.C<\/strong>:<\/span> Non pas trop, je pr\u00e9f\u00e8re avoir un vrai livre entre mes mains ; en revanche j&rsquo;\u00e9cris mes romans sur l&rsquo;ordinateur. <\/span><\/span><\/span><\/p>\n<p align=\"JUSTIFY\"><em><strong><span color=\"#280099\"><span face=\"Times\"><span size=\"3\"><span color=\"#008000\">C: <\/span>Faites-vous une autre activit\u00e9 que l&rsquo;\u00e9criture&nbsp;?<\/span><\/span><\/span><\/strong><\/em><\/p>\n<p align=\"JUSTIFY\"><span color=\"#000000\"><span face=\"Times\"><span size=\"3\"><span color=\"#008000\"><strong>S.C<\/strong>:<\/span> A c\u00f4t\u00e9 de l&rsquo;\u00e9criture, je ne travaille plus, depuis 4 ans, et l&rsquo;\u00e9criture me prend 2H maximum par jour car sinon je n&rsquo;arrive plus \u00e0 me concentrer. J&rsquo;ai donc plut\u00f4t une vie \u00a0\u00bblibre\u00a0\u00bb.<\/span><\/span><\/span><\/p>\n<p align=\"JUSTIFY\"><span color=\"#280099\"><span face=\"Times\"><span size=\"3\"><em><strong><span color=\"#008000\">C: <\/span>Avez-vous des auteurs qui vous influencent&nbsp;?<\/strong><\/em><span color=\"#000000\"> <\/span><\/span><\/span><\/span><\/p>\n<p align=\"JUSTIFY\"><span color=\"#000000\"><span face=\"Times\"><span size=\"3\"><strong><span color=\"#008000\">S.C:<\/span><\/strong> C&rsquo;est difficile \u00e0 dire, peut-\u00eatre. Plusieurs auteurs ont s\u00fbrement influenc\u00e9 un passage d&rsquo;un livre. J&rsquo;ai quand m\u00eame une pr\u00e9f\u00e9rence pour les auteurs contemporains comme Alessandro Baricco mais aussi Laurent Gaud\u00e9 qui a \u00e9crit Le Soleil des Scorta. J&rsquo;appr\u00e9cie beaucoup le roman de l&rsquo;\u00e9crivain chilien Luis Sepulveda : Le vieux qui lisait des romans d&rsquo;amour.<\/span><\/span><\/span><\/p>\n<p align=\"JUSTIFY\"><span color=\"#000000\"><span face=\"Times\"><span size=\"3\">Pour moi, l&rsquo;imagination c&rsquo;est comme le corps : un cercle vertueux, un effet d\u2019entra\u00eenement ; plus on s\u2019entra\u00eene, plus \u00e7a marche.<\/span><\/span><\/span><\/p>\n<p align=\"JUSTIFY\"><em><strong><span color=\"#280099\"><span face=\"Times\"><span size=\"3\"><span color=\"#008000\">C:<\/span> Avez-vous d\u00e9j\u00e0 renonc\u00e9 \u00e0 un livre&nbsp;?<\/span><\/span><\/span><\/strong><\/em><\/p>\n<p align=\"JUSTIFY\"><span color=\"#000000\"><span face=\"Times\"><span size=\"3\"><span color=\"#008000\"><strong>S.C:<\/strong> <\/span>Non, mais j&rsquo;ai d\u00e9j\u00e0 dout\u00e9 ! Je ne renonce jamais \u00e0 un livre m\u00eame quand je n&rsquo;ai pas d&rsquo;id\u00e9e.<\/span><\/span><\/span><\/p>\n<p align=\"JUSTIFY\"><em><strong><span color=\"#280099\"><span face=\"Times\"><span size=\"3\"><span color=\"#008000\">C: <\/span>Avez-vous des projets&nbsp;?<\/span><\/span><\/span><\/strong><\/em><\/p>\n<p align=\"JUSTIFY\"><span color=\"#000000\"><span face=\"Times\"><span size=\"3\"><span color=\"#008000\"><strong>S.C<\/strong>:<\/span> Oui ,j\u2019ai d\u00e9j\u00e0 des id\u00e9es pour 2 ou 3 livres .<\/span><\/span><\/span><\/p>\n<p align=\"JUSTIFY\"><em><strong><span color=\"#280099\"><span face=\"Times\"><span size=\"3\"><span color=\"#008000\">C: <\/span>Avez-vous des premiers lecteurs dans votre entourage proche&nbsp;?<\/span><\/span><\/span><\/strong><\/em><\/p>\n<p align=\"JUSTIFY\"><span color=\"#000000\"><span face=\"Times\"><span size=\"3\"><strong><span color=\"#008000\">S.C: <\/span><\/strong>Au tout d\u00e9but oui, mais j&rsquo;ai \u00e9t\u00e9 assez d\u00e9\u00e7ue par cette exp\u00e9rience ; donc maintenant le premier lecteur c&rsquo;est l&rsquo;\u00e9diteur. Je ne parle plus de mes livres \u00e0 mes proches car j&rsquo;ai d\u00e9j\u00e0 eu des retours n\u00e9gatifs (par exemple: le pr\u00e9nom choisi est nul&#8230;). J&rsquo;en parle seulement \u00e0 mon \u00e9diteur car il a un avis professionnel, il ne dit que ce qu&rsquo;il pense, ce qui pourrait s&rsquo;am\u00e9liorer\u2026 S\u2019il n&rsquo;aime pas le livre, il ne prendra pas le risque de le publier. <\/span><\/span><\/span><\/p>\n<p align=\"JUSTIFY\"><span color=\"#280099\"><span face=\"Times\"><span size=\"3\"><em><strong><span color=\"#008000\">C: <\/span>A-t-il \u00e9t\u00e9 difficile pour vous de publier votre premier livre&nbsp;?<\/strong><\/em><span color=\"#000000\"> <\/span><\/span><\/span><\/span><\/p>\n<p align=\"JUSTIFY\"><span color=\"#000000\"><span face=\"Times\"><span size=\"3\"><span color=\"#008000\"><strong>S.C<\/strong>:<\/span> Non aussi \u00e9tonnant que cela puisse para\u00eetre, car normalement c&rsquo;est assez compliqu\u00e9 de publier son premier livre, j&rsquo;ai eu beaucoup de chance.<\/span><\/span><\/span><\/p>\n<p align=\"JUSTIFY\"><em><strong><span color=\"#280099\"><span face=\"Times\"><span size=\"3\"><span color=\"#008000\">C:<\/span> Avez-vous des th\u00e8mes r\u00e9currents&nbsp;?<\/span><\/span><\/span><\/strong><\/em><\/p>\n<p align=\"JUSTIFY\"><span color=\"#000000\"><span face=\"Times\"><span size=\"3\"><span color=\"#008000\"><strong>S.C<\/strong>:<\/span> Non pas vraiment, mais le th\u00e8me de la famille et de la survie sont r\u00e9currents dans mes livres. <\/span><\/span><\/span><\/p>\n<p align=\"JUSTIFY\"><em><strong><span color=\"#280099\"><span face=\"Times\"><span size=\"3\"><span color=\"#008000\">C:<\/span> Il y a une marque Sandrine Colette&nbsp;?<\/span><\/span><\/span><\/strong><\/em><\/p>\n<p align=\"JUSTIFY\"><span face=\"Times\"><span size=\"3\"><strong><span color=\"#008000\">S.C:<\/span><\/strong><span color=\"#000000\"> Pour moi non, mais d&rsquo;apr\u00e8s les retours que j&rsquo;ai il semblerait que oui. <\/span>Il reste la poussi\u00e8re reste \u00e0 part de mes 6 livres, car c&rsquo;est compliqu\u00e9 de changer de style et c&rsquo;est un risque. <\/span><\/span><\/p>\n","protected":false},"excerpt":{"rendered":"<p>RENCONTRE AVEC SANDRINE COLLETTE Les \u00e9l\u00e8ves de 1\u00e8re S2 apr\u00e8s avoir lu Il reste la poussi\u00e8re de Sandrine Collette a rencontr\u00e9 la romanci\u00e8re le vendredi 26 janvier. Portraits chinois des personnages du livre et de 4\u00e8me de couverture \u00ab\u00a0\u00e0 leur fa\u00e7on\u00a0\u00bb&#8230; Compte-rendu de la rencontre Classe: Est-ce-que toute la violence pr\u00e9sente dans le livre \u00e9tait [&hellip;]<\/p>\n","protected":false},"author":1,"featured_media":2194,"comment_status":"closed","ping_status":"closed","sticky":false,"template":"","format":"standard","meta":{"ngg_post_thumbnail":0},"categories":[4,11],"tags":[],"blocksy_meta":{"styles_descriptor":{"styles":{"desktop":"","tablet":"","mobile":""},"google_fonts":[],"version":6}},"_links":{"self":[{"href":"https:\/\/pbellevue.libreedu.ovh\/productions\/wpcdi\/index.php\/wp-json\/wp\/v2\/posts\/2192"}],"collection":[{"href":"https:\/\/pbellevue.libreedu.ovh\/productions\/wpcdi\/index.php\/wp-json\/wp\/v2\/posts"}],"about":[{"href":"https:\/\/pbellevue.libreedu.ovh\/productions\/wpcdi\/index.php\/wp-json\/wp\/v2\/types\/post"}],"author":[{"embeddable":true,"href":"https:\/\/pbellevue.libreedu.ovh\/productions\/wpcdi\/index.php\/wp-json\/wp\/v2\/users\/1"}],"replies":[{"embeddable":true,"href":"https:\/\/pbellevue.libreedu.ovh\/productions\/wpcdi\/index.php\/wp-json\/wp\/v2\/comments?post=2192"}],"version-history":[{"count":8,"href":"https:\/\/pbellevue.libreedu.ovh\/productions\/wpcdi\/index.php\/wp-json\/wp\/v2\/posts\/2192\/revisions"}],"predecessor-version":[{"id":2195,"href":"https:\/\/pbellevue.libreedu.ovh\/productions\/wpcdi\/index.php\/wp-json\/wp\/v2\/posts\/2192\/revisions\/2195"}],"wp:featuredmedia":[{"embeddable":true,"href":"https:\/\/pbellevue.libreedu.ovh\/productions\/wpcdi\/index.php\/wp-json\/wp\/v2\/media\/2194"}],"wp:attachment":[{"href":"https:\/\/pbellevue.libreedu.ovh\/productions\/wpcdi\/index.php\/wp-json\/wp\/v2\/media?parent=2192"}],"wp:term":[{"taxonomy":"category","embeddable":true,"href":"https:\/\/pbellevue.libreedu.ovh\/productions\/wpcdi\/index.php\/wp-json\/wp\/v2\/categories?post=2192"},{"taxonomy":"post_tag","embeddable":true,"href":"https:\/\/pbellevue.libreedu.ovh\/productions\/wpcdi\/index.php\/wp-json\/wp\/v2\/tags?post=2192"}],"curies":[{"name":"wp","href":"https:\/\/api.w.org\/{rel}","templated":true}]}}