{"id":2347,"date":"2018-05-29T12:35:01","date_gmt":"2018-05-29T11:35:01","guid":{"rendered":"https:\/\/pbellevue.libreedu.ovh\/productions\/wpcdi\/?p=2347"},"modified":"2018-06-26T15:18:34","modified_gmt":"2018-06-26T14:18:34","slug":"projection-du-film-laureat-du-prix-jean-renoir","status":"publish","type":"post","link":"https:\/\/pbellevue.libreedu.ovh\/productions\/wpcdi\/index.php\/2018\/05\/29\/projection-du-film-laureat-du-prix-jean-renoir\/","title":{"rendered":"Projection du film laur\u00e9at du Prix Jean Renoir"},"content":{"rendered":"<p>Les \u00e9l\u00e8ves ont pr\u00e9sent\u00e9 le film laur\u00e9at \u00e0 la salle Arc\u00e9 devant un public nombreux&#8230;<\/p>\n<p><img decoding=\"async\" loading=\"lazy\" src=\"https:\/\/pbellevue.libreedu.ovh\/productions\/wpcdi\/wp-content\/uploads\/arce.jpg\" alt=\"\" class=\"aligncenter wp-image-2442 size-full\" width=\"946\" height=\"531\" srcset=\"https:\/\/pbellevue.libreedu.ovh\/productions\/wpcdi\/wp-content\/uploads\/arce.jpg 946w, https:\/\/pbellevue.libreedu.ovh\/productions\/wpcdi\/wp-content\/uploads\/arce-300x168.jpg 300w, https:\/\/pbellevue.libreedu.ovh\/productions\/wpcdi\/wp-content\/uploads\/arce-768x431.jpg 768w, https:\/\/pbellevue.libreedu.ovh\/productions\/wpcdi\/wp-content\/uploads\/arce-520x292.jpg 520w, https:\/\/pbellevue.libreedu.ovh\/productions\/wpcdi\/wp-content\/uploads\/arce-740x415.jpg 740w\" sizes=\"(max-width: 946px) 100vw, 946px\" \/><\/p>\n<p>&nbsp;<\/p>\n<hr>\n<p>Le 02\/06\/2018<\/p>\n<p>Les \u00e9l\u00e8ves de Litt\u00e9rature &amp; soci\u00e9t\u00e9 pr\u00e9sentent le film laur\u00e9at du Prix Jean Renoir le jeudi 7 juin \u00e0 20h30, <a href=\"https:\/\/www.sn-albi.fr\/cinema.php?id_film=1167&amp;id_rubrique=17\" target=\"_blank\" rel=\"noopener\">salle Arc\u00e9<\/a>.<\/p>\n<p>Venez nombreux \u00e9changer avec les \u00e9l\u00e8ves apr\u00e8s la projection.<\/p>\n<p>Article de La D\u00e9p\u00eache du 7\/06\/2018 sign\u00e9 par Martine Lecaudey<\/p>\n<p><a href=\"https:\/\/pbellevue.libreedu.ovh\/productions\/wpcdi\/wp-content\/uploads\/PJR-ladepeche.pdf\" target=\"_blank\" rel=\"noopener\"><img decoding=\"async\" loading=\"lazy\" src=\"https:\/\/pbellevue.libreedu.ovh\/productions\/wpcdi\/wp-content\/uploads\/PJR-ladepeche-1-724x1024.jpg\" alt=\"\" class=\"aligncenter wp-image-2428 size-large\" width=\"724\" height=\"1024\" srcset=\"https:\/\/pbellevue.libreedu.ovh\/productions\/wpcdi\/wp-content\/uploads\/PJR-ladepeche-1-724x1024.jpg 724w, https:\/\/pbellevue.libreedu.ovh\/productions\/wpcdi\/wp-content\/uploads\/PJR-ladepeche-1-212x300.jpg 212w, https:\/\/pbellevue.libreedu.ovh\/productions\/wpcdi\/wp-content\/uploads\/PJR-ladepeche-1-768x1086.jpg 768w, https:\/\/pbellevue.libreedu.ovh\/productions\/wpcdi\/wp-content\/uploads\/PJR-ladepeche-1-520x735.jpg 520w, https:\/\/pbellevue.libreedu.ovh\/productions\/wpcdi\/wp-content\/uploads\/PJR-ladepeche-1-740x1046.jpg 740w, https:\/\/pbellevue.libreedu.ovh\/productions\/wpcdi\/wp-content\/uploads\/PJR-ladepeche-1.jpg 1654w\" sizes=\"(max-width: 724px) 100vw, 724px\" \/><\/a><\/p>\n<p>&nbsp;<\/p>\n<p>&nbsp;<\/p>\n<p><a href=\"https:\/\/pbellevue.libreedu.ovh\/productions\/wpcdi\/index.php\/2018\/05\/29\/projection-du-film-laureat-du-prix-jean-renoir\/affiche7juin2018\/\" rel=\"attachment noopener wp-att-2348\" target=\"_blank\"><img decoding=\"async\" loading=\"lazy\" src=\"https:\/\/pbellevue.libreedu.ovh\/productions\/wpcdi\/wp-content\/uploads\/affiche7juin2018.png\" alt=\"\" class=\"aligncenter wp-image-2348 size-full\" width=\"540\" height=\"810\" srcset=\"https:\/\/pbellevue.libreedu.ovh\/productions\/wpcdi\/wp-content\/uploads\/affiche7juin2018.png 540w, https:\/\/pbellevue.libreedu.ovh\/productions\/wpcdi\/wp-content\/uploads\/affiche7juin2018-200x300.png 200w, https:\/\/pbellevue.libreedu.ovh\/productions\/wpcdi\/wp-content\/uploads\/affiche7juin2018-520x780.png 520w\" sizes=\"(max-width: 540px) 100vw, 540px\" \/><\/a><\/p>\n","protected":false},"excerpt":{"rendered":"<p>Les \u00e9l\u00e8ves ont pr\u00e9sent\u00e9 le film laur\u00e9at \u00e0 la salle Arc\u00e9 devant un public nombreux&#8230; &nbsp; Le 02\/06\/2018 Les \u00e9l\u00e8ves de Litt\u00e9rature &amp; soci\u00e9t\u00e9 pr\u00e9sentent le film laur\u00e9at du Prix Jean Renoir le jeudi 7 juin \u00e0 20h30, salle Arc\u00e9. Venez nombreux \u00e9changer avec les \u00e9l\u00e8ves apr\u00e8s la projection. Article de La D\u00e9p\u00eache du 7\/06\/2018 [&hellip;]<\/p>\n","protected":false},"author":1,"featured_media":2442,"comment_status":"closed","ping_status":"closed","sticky":false,"template":"","format":"standard","meta":{"ngg_post_thumbnail":0},"categories":[9,14],"tags":[],"blocksy_meta":{"styles_descriptor":{"styles":{"desktop":"","tablet":"","mobile":""},"google_fonts":[],"version":6}},"_links":{"self":[{"href":"https:\/\/pbellevue.libreedu.ovh\/productions\/wpcdi\/index.php\/wp-json\/wp\/v2\/posts\/2347"}],"collection":[{"href":"https:\/\/pbellevue.libreedu.ovh\/productions\/wpcdi\/index.php\/wp-json\/wp\/v2\/posts"}],"about":[{"href":"https:\/\/pbellevue.libreedu.ovh\/productions\/wpcdi\/index.php\/wp-json\/wp\/v2\/types\/post"}],"author":[{"embeddable":true,"href":"https:\/\/pbellevue.libreedu.ovh\/productions\/wpcdi\/index.php\/wp-json\/wp\/v2\/users\/1"}],"replies":[{"embeddable":true,"href":"https:\/\/pbellevue.libreedu.ovh\/productions\/wpcdi\/index.php\/wp-json\/wp\/v2\/comments?post=2347"}],"version-history":[{"count":8,"href":"https:\/\/pbellevue.libreedu.ovh\/productions\/wpcdi\/index.php\/wp-json\/wp\/v2\/posts\/2347\/revisions"}],"predecessor-version":[{"id":2427,"href":"https:\/\/pbellevue.libreedu.ovh\/productions\/wpcdi\/index.php\/wp-json\/wp\/v2\/posts\/2347\/revisions\/2427"}],"wp:featuredmedia":[{"embeddable":true,"href":"https:\/\/pbellevue.libreedu.ovh\/productions\/wpcdi\/index.php\/wp-json\/wp\/v2\/media\/2442"}],"wp:attachment":[{"href":"https:\/\/pbellevue.libreedu.ovh\/productions\/wpcdi\/index.php\/wp-json\/wp\/v2\/media?parent=2347"}],"wp:term":[{"taxonomy":"category","embeddable":true,"href":"https:\/\/pbellevue.libreedu.ovh\/productions\/wpcdi\/index.php\/wp-json\/wp\/v2\/categories?post=2347"},{"taxonomy":"post_tag","embeddable":true,"href":"https:\/\/pbellevue.libreedu.ovh\/productions\/wpcdi\/index.php\/wp-json\/wp\/v2\/tags?post=2347"}],"curies":[{"name":"wp","href":"https:\/\/api.w.org\/{rel}","templated":true}]}}