{"id":2607,"date":"2019-04-01T10:38:07","date_gmt":"2019-04-01T09:38:07","guid":{"rendered":"https:\/\/pbellevue.libreedu.ovh\/productions\/wpcdi\/?p=2607"},"modified":"2019-04-01T10:41:34","modified_gmt":"2019-04-01T09:41:34","slug":"exposition-dart-contemporain-au-lycee-bellevue","status":"publish","type":"post","link":"https:\/\/pbellevue.libreedu.ovh\/productions\/wpcdi\/index.php\/2019\/04\/01\/exposition-dart-contemporain-au-lycee-bellevue\/","title":{"rendered":"Exposition d&rsquo;art contemporain au lyc\u00e9e Bellevue"},"content":{"rendered":"\n<p class=\"has-large-font-size\"><em><strong>Des\nmaux en \u00e9tendART<\/strong><\/em><\/p>\n\n\n\n<p class=\"has-medium-font-size\"><em><strong>Et\nsi on ouvrait&#8230;les yeux&nbsp;?<\/strong><\/em><\/p>\n\n\n\n<p style=\"text-align:right\" class=\"has-medium-font-size\"><em>Exposition\ndu 1<\/em><sup><em>er<\/em><\/sup><em>au\n19 avril 2019<\/em><\/p>\n\n\n\n<p style=\"text-align:right\" class=\"has-medium-font-size\">\n<em>Hall du lyc\u00e9e Bellevue,\n98 rue du roc, Albi<\/em><\/p>\n\n\n\n<p class=\"has-drop-cap has-medium-font-size\">Les<em>\n<\/em>\u00e9l\u00e8ves<em>\n<\/em>de\nseconde du lyc\u00e9e Bellevue en classe de litt\u00e9rature et soci\u00e9t\u00e9 ont\ncr\u00e9\u00e9\nune exposition sur le th\u00e8me du conflit. Le but \u00e9tait de repr\u00e9senter\nla violence, la privation de libert\u00e9 ou encore la censure.<\/p>\n\n\n\n<p class=\"has-medium-font-size\">Pour parvenir \u00e0 ce r\u00e9sultat, plusieurs \u00e9tapes ont \u00e9t\u00e9 r\u00e9alis\u00e9es : nous avons s\u00e9lectionn\u00e9 10 \u0153uvres, pr\u00eat\u00e9es par l&rsquo;artoth\u00e8que d\u00e9partementale du Tarn et gr\u00e2ce \u00e0 l&rsquo;aide pr\u00e9cieuse d&rsquo;H\u00e9l\u00e8ne, charg\u00e9e de la m\u00e9diation au centre d&rsquo;art Le Lait. Nous avons  mis en relation les \u0153uvres, effectu\u00e9 des recherches sur les artistes, accroch\u00e9 l&rsquo;exposition dans le hall pour permettre au plus grand nombre d&rsquo;en profiter<\/p>\n\n\n\n<p class=\"has-large-font-size\"><strong>Le vernissage a lieu  le lundi 1<\/strong><sup><strong>er <\/strong><\/sup><strong>avril \u00e0 16 heures dans le hall du lyc\u00e9e.<\/strong><\/p>\n\n\n\n<p class=\"has-medium-font-size\">Tous sont les bienvenus !<\/p>\n\n\n\n<p style=\"font-size:0;text-align:right\"><strong>Lucie <\/strong><\/p>\n","protected":false},"excerpt":{"rendered":"<p>Des maux en \u00e9tendART Et si on ouvrait&#8230;les yeux&nbsp;? Exposition du 1erau 19 avril 2019 Hall du lyc\u00e9e Bellevue, 98 rue du roc, Albi Les \u00e9l\u00e8ves de seconde du lyc\u00e9e Bellevue en classe de litt\u00e9rature et soci\u00e9t\u00e9 ont cr\u00e9\u00e9 une exposition sur le th\u00e8me du conflit. Le but \u00e9tait de repr\u00e9senter la violence, la privation [&hellip;]<\/p>\n","protected":false},"author":1,"featured_media":2608,"comment_status":"closed","ping_status":"closed","sticky":false,"template":"","format":"standard","meta":{"ngg_post_thumbnail":0},"categories":[1],"tags":[],"blocksy_meta":{"styles_descriptor":{"styles":{"desktop":"","tablet":"","mobile":""},"google_fonts":[],"version":6}},"_links":{"self":[{"href":"https:\/\/pbellevue.libreedu.ovh\/productions\/wpcdi\/index.php\/wp-json\/wp\/v2\/posts\/2607"}],"collection":[{"href":"https:\/\/pbellevue.libreedu.ovh\/productions\/wpcdi\/index.php\/wp-json\/wp\/v2\/posts"}],"about":[{"href":"https:\/\/pbellevue.libreedu.ovh\/productions\/wpcdi\/index.php\/wp-json\/wp\/v2\/types\/post"}],"author":[{"embeddable":true,"href":"https:\/\/pbellevue.libreedu.ovh\/productions\/wpcdi\/index.php\/wp-json\/wp\/v2\/users\/1"}],"replies":[{"embeddable":true,"href":"https:\/\/pbellevue.libreedu.ovh\/productions\/wpcdi\/index.php\/wp-json\/wp\/v2\/comments?post=2607"}],"version-history":[{"count":4,"href":"https:\/\/pbellevue.libreedu.ovh\/productions\/wpcdi\/index.php\/wp-json\/wp\/v2\/posts\/2607\/revisions"}],"predecessor-version":[{"id":2614,"href":"https:\/\/pbellevue.libreedu.ovh\/productions\/wpcdi\/index.php\/wp-json\/wp\/v2\/posts\/2607\/revisions\/2614"}],"wp:featuredmedia":[{"embeddable":true,"href":"https:\/\/pbellevue.libreedu.ovh\/productions\/wpcdi\/index.php\/wp-json\/wp\/v2\/media\/2608"}],"wp:attachment":[{"href":"https:\/\/pbellevue.libreedu.ovh\/productions\/wpcdi\/index.php\/wp-json\/wp\/v2\/media?parent=2607"}],"wp:term":[{"taxonomy":"category","embeddable":true,"href":"https:\/\/pbellevue.libreedu.ovh\/productions\/wpcdi\/index.php\/wp-json\/wp\/v2\/categories?post=2607"},{"taxonomy":"post_tag","embeddable":true,"href":"https:\/\/pbellevue.libreedu.ovh\/productions\/wpcdi\/index.php\/wp-json\/wp\/v2\/tags?post=2607"}],"curies":[{"name":"wp","href":"https:\/\/api.w.org\/{rel}","templated":true}]}}