{"id":2912,"date":"2020-11-19T14:42:22","date_gmt":"2020-11-19T13:42:22","guid":{"rendered":"https:\/\/pbellevue.libreedu.ovh\/productions\/wpcdi\/?p=2912"},"modified":"2020-11-20T08:36:26","modified_gmt":"2020-11-20T07:36:26","slug":"residence-mediatique-au-lycee-bellevue","status":"publish","type":"post","link":"https:\/\/pbellevue.libreedu.ovh\/productions\/wpcdi\/index.php\/2020\/11\/19\/residence-mediatique-au-lycee-bellevue\/","title":{"rendered":"R\u00e9sidence m\u00e9diatique au lyc\u00e9e Bellevue"},"content":{"rendered":"\n<p>En partenariat avec M\u00e9dia Tarn, nous accueillons en r\u00e9sidence  au lyc\u00e9e un bin\u00f4me de journalistes professionnels : la journaliste<a rel=\"noreferrer noopener\" href=\"https:\/\/www.bastamag.net\/Fumees-suspectes-odeurs-irritantes-et-surmortalite-inquietante-autour-du-bassin\" target=\"_blank\"> Ariane Puccini <\/a>et le photojournaliste <a rel=\"noreferrer noopener\" href=\"https:\/\/hanslucas.com\/dmeyer\/photo\" target=\"_blank\">Denis Meyer<\/a> rencontrent les \u00e9l\u00e8ves de 2nde1 et 2nde2.<\/p>\n\n\n\n<figure class=\"wp-block-embed-twitter wp-block-embed is-type-rich is-provider-twitter\"><div class=\"wp-block-embed__wrapper\">\n<a class=\"twitter-timeline\" data-width=\"1200\" data-height=\"1000\" data-dnt=\"true\" href=\"https:\/\/twitter.com\/ArianePuccini?ref_src=twsrc%5Etfw\">Tweets by ArianePuccini<\/a><script async src=\"https:\/\/platform.twitter.com\/widgets.js\" charset=\"utf-8\"><\/script>\n<\/div><\/figure>\n\n\n\n<figure class=\"wp-block-image size-large is-resized is-style-default\"><a href=\"https:\/\/www.instagram.com\/denismeyer_hl\/\" target=\"_blank\" rel=\"noopener noreferrer\"><img decoding=\"async\" loading=\"lazy\" src=\"https:\/\/pbellevue.libreedu.ovh\/productions\/wpcdi\/wp-content\/uploads\/insta_denismeyer.png\" alt=\"\" class=\"wp-image-2914\" width=\"461\" height=\"379\" srcset=\"https:\/\/pbellevue.libreedu.ovh\/productions\/wpcdi\/wp-content\/uploads\/insta_denismeyer.png 921w, https:\/\/pbellevue.libreedu.ovh\/productions\/wpcdi\/wp-content\/uploads\/insta_denismeyer-300x247.png 300w, https:\/\/pbellevue.libreedu.ovh\/productions\/wpcdi\/wp-content\/uploads\/insta_denismeyer-768x631.png 768w, https:\/\/pbellevue.libreedu.ovh\/productions\/wpcdi\/wp-content\/uploads\/insta_denismeyer-520x427.png 520w, https:\/\/pbellevue.libreedu.ovh\/productions\/wpcdi\/wp-content\/uploads\/insta_denismeyer-740x608.png 740w\" sizes=\"(max-width: 461px) 100vw, 461px\" \/><\/a><\/figure>\n\n\n\n\n\n\n\n\n","protected":false},"excerpt":{"rendered":"<p>En partenariat avec M\u00e9dia Tarn, nous accueillons en r\u00e9sidence au lyc\u00e9e un bin\u00f4me de journalistes professionnels : la journaliste Ariane Puccini et le photojournaliste Denis Meyer rencontrent les \u00e9l\u00e8ves de 2nde1 et 2nde2.<\/p>\n","protected":false},"author":1,"featured_media":2914,"comment_status":"closed","ping_status":"closed","sticky":false,"template":"","format":"standard","meta":{"ngg_post_thumbnail":0},"categories":[1,6],"tags":[],"blocksy_meta":{"styles_descriptor":{"styles":{"desktop":"","tablet":"","mobile":""},"google_fonts":[],"version":6}},"_links":{"self":[{"href":"https:\/\/pbellevue.libreedu.ovh\/productions\/wpcdi\/index.php\/wp-json\/wp\/v2\/posts\/2912"}],"collection":[{"href":"https:\/\/pbellevue.libreedu.ovh\/productions\/wpcdi\/index.php\/wp-json\/wp\/v2\/posts"}],"about":[{"href":"https:\/\/pbellevue.libreedu.ovh\/productions\/wpcdi\/index.php\/wp-json\/wp\/v2\/types\/post"}],"author":[{"embeddable":true,"href":"https:\/\/pbellevue.libreedu.ovh\/productions\/wpcdi\/index.php\/wp-json\/wp\/v2\/users\/1"}],"replies":[{"embeddable":true,"href":"https:\/\/pbellevue.libreedu.ovh\/productions\/wpcdi\/index.php\/wp-json\/wp\/v2\/comments?post=2912"}],"version-history":[{"count":5,"href":"https:\/\/pbellevue.libreedu.ovh\/productions\/wpcdi\/index.php\/wp-json\/wp\/v2\/posts\/2912\/revisions"}],"predecessor-version":[{"id":2923,"href":"https:\/\/pbellevue.libreedu.ovh\/productions\/wpcdi\/index.php\/wp-json\/wp\/v2\/posts\/2912\/revisions\/2923"}],"wp:featuredmedia":[{"embeddable":true,"href":"https:\/\/pbellevue.libreedu.ovh\/productions\/wpcdi\/index.php\/wp-json\/wp\/v2\/media\/2914"}],"wp:attachment":[{"href":"https:\/\/pbellevue.libreedu.ovh\/productions\/wpcdi\/index.php\/wp-json\/wp\/v2\/media?parent=2912"}],"wp:term":[{"taxonomy":"category","embeddable":true,"href":"https:\/\/pbellevue.libreedu.ovh\/productions\/wpcdi\/index.php\/wp-json\/wp\/v2\/categories?post=2912"},{"taxonomy":"post_tag","embeddable":true,"href":"https:\/\/pbellevue.libreedu.ovh\/productions\/wpcdi\/index.php\/wp-json\/wp\/v2\/tags?post=2912"}],"curies":[{"name":"wp","href":"https:\/\/api.w.org\/{rel}","templated":true}]}}