{"id":421,"date":"2016-04-01T14:01:14","date_gmt":"2016-04-01T13:01:14","guid":{"rendered":"https:\/\/pbellevue.libreedu.ovh\/productions\/wpcdi\/?p=421"},"modified":"2016-04-01T14:01:14","modified_gmt":"2016-04-01T13:01:14","slug":"le-journal-danne-franck","status":"publish","type":"post","link":"https:\/\/pbellevue.libreedu.ovh\/productions\/wpcdi\/index.php\/2016\/04\/01\/le-journal-danne-franck\/","title":{"rendered":"Le journal d&rsquo;Anne Franck"},"content":{"rendered":"<p><a href=\"https:\/\/pbellevue.libreedu.ovh\/productions\/wpcdi\/wp-content\/uploads\/pageannefrank.jpg\" rel=\"attachment wp-att-422\"><img decoding=\"async\" loading=\"lazy\" src=\"https:\/\/pbellevue.libreedu.ovh\/productions\/wpcdi\/wp-content\/uploads\/pageannefrank.jpg\" alt=\"pageannefrank\" class=\"wp-image-422 aligncenter\" height=\"296\" width=\"499\" srcset=\"https:\/\/pbellevue.libreedu.ovh\/productions\/wpcdi\/wp-content\/uploads\/pageannefrank.jpg 1594w, https:\/\/pbellevue.libreedu.ovh\/productions\/wpcdi\/wp-content\/uploads\/pageannefrank-300x178.jpg 300w, https:\/\/pbellevue.libreedu.ovh\/productions\/wpcdi\/wp-content\/uploads\/pageannefrank-768x456.jpg 768w, https:\/\/pbellevue.libreedu.ovh\/productions\/wpcdi\/wp-content\/uploads\/pageannefrank-1024x608.jpg 1024w\" sizes=\"(max-width: 499px) 100vw, 499px\" \/><\/a><\/p>\n<h3 align=\"JUSTIFY\"><span style=\"color: #ff6600;\" face=\"Arial, serif\"><span size=\"2\">R\u00e9sum\u00e9 \u00e0 ma mani\u00e8re\u00a0<\/span><\/span><span face=\"Arial, serif\"><span size=\"2\"> <\/span><\/span><\/h3>\n<p align=\"JUSTIFY\"><span face=\"Arial, serif\"><span size=\"2\">Les Pays Bas sont occup\u00e9s par les nazis.<\/span><\/span><\/p>\n<p align=\"JUSTIFY\"><span face=\"Arial, serif\"><span size=\"2\">12 juin 1942. Anne, pour son anniversaire, re\u00e7oit un journal et d\u00e9cide de s&rsquo;y confier et d&rsquo;y \u00e9crire, partageant ainsi ses doutes et d\u00e9sirs.<\/span><\/span><\/p>\n<p align=\"JUSTIFY\"><span face=\"Arial, serif\"><span size=\"2\">On la suit tout d&rsquo;abord lorsqu&rsquo;elle vit \u00e0 Amsterdam avec sa famille. Puis, les conditions pour les juifs s&rsquo;aggravent et Anne nous emm\u00e8ne avec elle \u00e0 l&rsquo;Annexe, o\u00f9 elle continue de raconter les \u00e9v\u00e8nements qui arrivent chaque jour au c\u00f4t\u00e9 de ses 7 compagnons clandestins. <\/span><\/span><\/p>\n<p align=\"JUSTIFY\"><span face=\"Arial, serif\"><span size=\"2\">Le Journal se finit le 1er ao\u00fbt 1944, par des derniers mots qui d\u00e9crivent parfaitement l&rsquo;\u00e9volution de la maturit\u00e9 d&rsquo;Anne. Trois jours apr\u00e8s, tous les habitants de l&rsquo;Annexe sont arr\u00eat\u00e9s puis envoy\u00e9s dans diff\u00e9rents camps de concentration.<\/span><\/span><\/p>\n<h3 align=\"JUSTIFY\"><span style=\"color: #ff6600;\" face=\"Arial, serif\"><span size=\"2\">Floril\u00e8ge de citations\/fragments\u00a0 <\/span><\/span><\/h3>\n<p align=\"JUSTIFY\"><span face=\"Arial, serif\"><span size=\"2\">\u00ab\u00a0Quand quelqu&rsquo;un vient de l&rsquo;ext\u00e9rieur, les v\u00eatements pleins de vent et le visage encore froid, j&rsquo;ai envie de me cacher la t\u00eate sous les couvertures pour ne pas penser\u00a0: \u00ab\u00a0Quand aurons-nous le droit de respirer l&rsquo;air frais\u00a0?\u00a0\u00bb Et comme je ne peux pas cacher ma t\u00eate sous les couvertures, mais dois au contraire la tenir droite et digne, ces pens\u00e9es me viennent malgr\u00e9 tout, et pas seulement une fois mais plusieurs, des milliers de fois. Tu peux me croire, quand on est enferm\u00e9 pendant un an et demi, certains jours, on en a assez. Au m\u00e9pris de toute justice ou de toute ingratitude, il est impossible de chasser ce sentiment. Faire du v\u00e9lo, danser, siffler, d\u00e9couvrir le monde, me sentir jeune, savoir que je suis libre, voil\u00e0 \u00e0 quoi j&rsquo;aspire et pourtant je ne dois rien en montrer parce que, imagine un peu, si nous nous mettions tous les huit \u00e0 nous plaindre ou \u00e0 prendre des airs malheureux o\u00f9 en serions-nous\u00a0?\u00a0\u00bb<\/span><\/span><\/p>\n<p align=\"JUSTIFY\"><span face=\"Arial, serif\"><span size=\"2\">\u00ab\u00a0La clandestinit\u00e9, les cachettes sont devenues des notions aussi famili\u00e8res que l&rsquo;habitude, autrefois, de mettre les pantoufles de Papa devant le po\u00eale. Des organisations comme Vrij Nederland, qui fabriquent de fausses pi\u00e8ces d&rsquo;identit\u00e9, pr\u00eatent de l&rsquo;argent aux clandestins, lib\u00e8rent des endroits pour en faire des cachettes et offrent du travail aux jeunes chr\u00e9tiens qui se cachent, il en existe \u00e9norm\u00e9ment, et il est \u00e9tonnant de constater la capacit\u00e9 de travail, la noblesse de c\u0153ur et le d\u00e9sint\u00e9ressement de ces personnes pr\u00eates \u00e0 perdre leur vie pour aider et pour sauver les autres. Nos protecteurs en sont le meilleur exemple, eux qui nous ont aid\u00e9s jusqu&rsquo;\u00e0 pr\u00e9sent \u00e0 traverser ces temps difficiles et finiront, je l&rsquo;esp\u00e8re, par nous amener sains et saufs sur l&rsquo;autre rive, sinon il faudra partager le sort de tous ceux que l&rsquo;on recherche.\u00a0\u00bb<\/span><\/span><\/p>\n<h3><span face=\"Arial, serif\"><span size=\"2\"><span style=\"color: #ff6600;\">Lettre \u00e0 l&rsquo;auteur<\/span><br \/>\n<\/span><\/span><\/h3>\n<p align=\"JUSTIFY\"><span face=\"Courier New, monospace\"><span size=\"2\">Ch\u00e8re Anne, <\/span><\/span><\/p>\n<p align=\"JUSTIFY\"><span face=\"Courier New, monospace\"><span size=\"2\">J&rsquo;ai longuement pens\u00e9 \u00e0 ce que je pouvais t&rsquo;\u00e9crire, et comme tu le dis dans ton journal <span color=\"#000000\">\u00ab\u00a0Le papier a plus de patience que les gens\u00a0\u00bb.<\/span><span color=\"#000000\">Tu as raison, parce que j&rsquo;ai maintenant recommenc\u00e9 cette lettre plusieurs fois et je pense que beaucoup de monde aurait \u00e9t\u00e9 agac\u00e9.<\/span><\/span><\/span><\/p>\n<p align=\"JUSTIFY\"><span face=\"Courier New, monospace\"><span size=\"2\">Pour moi, tu repr\u00e9sentes la jeunesse, la joie de vivre, l&rsquo;amour, et beaucoup d&rsquo;autres choses aussi. Tu es \u00e0 mes yeux si forte d&rsquo;avoir travers\u00e9 tous ces \u00e9v\u00e8nements sans jamais perdre espoir. Espoir que la guerre se finisse vite et que tu puisses retourner \u00e0 l&rsquo;\u00e9cole, espoir que le monde aille mieux. C&rsquo;est ce que j&rsquo;aime chez toi et dans ton journal\u00a0: tu ne sembles jamais abandonner.<\/span><\/span><\/p>\n<p align=\"JUSTIFY\"><span face=\"Courier New, monospace\"><span size=\"2\">Parfois aussi, tu \u00e9crivais sous le coup de la col\u00e8re contre tes parents, et de l&rsquo;\u00e9motion puis tu t&rsquo;en excusais rapidement avec une note en dessous, mais ces sentiments si honn\u00eates et vifs nous permettent de nous identifier \u00e0 toi parce que nous aussi, nous ressentons ces sentiments, alors on se sent moins seuls. <\/span><\/span><\/p>\n<p align=\"JUSTIFY\"><span face=\"Courier New, monospace\"><span size=\"2\">Ton journal est une \u0153uvre d&rsquo;art, Anne. Tu en aurais \u00e9t\u00e9 tr\u00e8s fi\u00e8re.<\/span><\/span><\/p>\n<h3 align=\"JUSTIFY\"><span face=\"Courier New, monospace\"><span size=\"2\">Perrine<\/span><\/span><\/h3>\n","protected":false},"excerpt":{"rendered":"<p>R\u00e9sum\u00e9 \u00e0 ma mani\u00e8re\u00a0 Les Pays Bas sont occup\u00e9s par les nazis. 12 juin 1942. Anne, pour son anniversaire, re\u00e7oit un journal et d\u00e9cide de s&rsquo;y confier et d&rsquo;y \u00e9crire, partageant ainsi ses doutes et d\u00e9sirs. On la suit tout d&rsquo;abord lorsqu&rsquo;elle vit \u00e0 Amsterdam avec sa famille. Puis, les conditions pour les juifs s&rsquo;aggravent [&hellip;]<\/p>\n","protected":false},"author":1,"featured_media":0,"comment_status":"closed","ping_status":"closed","sticky":false,"template":"","format":"standard","meta":{"ngg_post_thumbnail":0},"categories":[4],"tags":[],"blocksy_meta":{"styles_descriptor":{"styles":{"desktop":"","tablet":"","mobile":""},"google_fonts":[],"version":6}},"_links":{"self":[{"href":"https:\/\/pbellevue.libreedu.ovh\/productions\/wpcdi\/index.php\/wp-json\/wp\/v2\/posts\/421"}],"collection":[{"href":"https:\/\/pbellevue.libreedu.ovh\/productions\/wpcdi\/index.php\/wp-json\/wp\/v2\/posts"}],"about":[{"href":"https:\/\/pbellevue.libreedu.ovh\/productions\/wpcdi\/index.php\/wp-json\/wp\/v2\/types\/post"}],"author":[{"embeddable":true,"href":"https:\/\/pbellevue.libreedu.ovh\/productions\/wpcdi\/index.php\/wp-json\/wp\/v2\/users\/1"}],"replies":[{"embeddable":true,"href":"https:\/\/pbellevue.libreedu.ovh\/productions\/wpcdi\/index.php\/wp-json\/wp\/v2\/comments?post=421"}],"version-history":[{"count":1,"href":"https:\/\/pbellevue.libreedu.ovh\/productions\/wpcdi\/index.php\/wp-json\/wp\/v2\/posts\/421\/revisions"}],"predecessor-version":[{"id":423,"href":"https:\/\/pbellevue.libreedu.ovh\/productions\/wpcdi\/index.php\/wp-json\/wp\/v2\/posts\/421\/revisions\/423"}],"wp:attachment":[{"href":"https:\/\/pbellevue.libreedu.ovh\/productions\/wpcdi\/index.php\/wp-json\/wp\/v2\/media?parent=421"}],"wp:term":[{"taxonomy":"category","embeddable":true,"href":"https:\/\/pbellevue.libreedu.ovh\/productions\/wpcdi\/index.php\/wp-json\/wp\/v2\/categories?post=421"},{"taxonomy":"post_tag","embeddable":true,"href":"https:\/\/pbellevue.libreedu.ovh\/productions\/wpcdi\/index.php\/wp-json\/wp\/v2\/tags?post=421"}],"curies":[{"name":"wp","href":"https:\/\/api.w.org\/{rel}","templated":true}]}}