{"id":547,"date":"2016-04-07T15:19:54","date_gmt":"2016-04-07T14:19:54","guid":{"rendered":"https:\/\/pbellevue.libreedu.ovh\/productions\/wpcdi\/?p=547"},"modified":"2016-04-13T08:55:46","modified_gmt":"2016-04-13T07:55:46","slug":"anne-f-par-camille","status":"publish","type":"post","link":"https:\/\/pbellevue.libreedu.ovh\/productions\/wpcdi\/index.php\/2016\/04\/07\/anne-f-par-camille\/","title":{"rendered":"Anne F. par Camille"},"content":{"rendered":"<p align=\"LEFT\"><span face=\"Calibri, sans-serif\"><span size=\"3\">\u00a0<\/span><\/span><\/p>\n<p><a href=\"https:\/\/pbellevue.libreedu.ovh\/productions\/wpcdi\/wp-content\/uploads\/9782259230261.jpg\" rel=\"attachment wp-att-548\"><img decoding=\"async\" loading=\"lazy\" src=\"https:\/\/pbellevue.libreedu.ovh\/productions\/wpcdi\/wp-content\/uploads\/9782259230261.jpg\" alt=\"9782259230261\" class=\"wp-image-548 aligncenter\" height=\"421\" width=\"276\" srcset=\"https:\/\/pbellevue.libreedu.ovh\/productions\/wpcdi\/wp-content\/uploads\/9782259230261.jpg 525w, https:\/\/pbellevue.libreedu.ovh\/productions\/wpcdi\/wp-content\/uploads\/9782259230261-197x300.jpg 197w\" sizes=\"(max-width: 276px) 100vw, 276px\" \/><\/a>Extrait lu par<\/p>\n<!--[if lt IE 9]><script>document.createElement('audio');<\/script><![endif]-->\n<audio class=\"wp-audio-shortcode\" id=\"audio-547-1\" preload=\"none\" style=\"width: 100%;\" controls=\"controls\"><source type=\"audio\/wav\" src=\"https:\/\/pbellevue.libreedu.ovh\/productions\/wpcdi\/wp-content\/uploads\/aggoune.wav?_=1\" \/><a href=\"https:\/\/pbellevue.libreedu.ovh\/productions\/wpcdi\/wp-content\/uploads\/aggoune.wav\">https:\/\/pbellevue.libreedu.ovh\/productions\/wpcdi\/wp-content\/uploads\/aggoune.wav<\/a><\/audio>\n<p align=\"JUSTIFY\"><span face=\"Calibri, sans-serif\"><span size=\"2\">Ce livre pr\u00e9sente en r\u00e9alit\u00e9 deux histoires en m\u00eame temps. Il met trois personnes en relation\u00a0: celle de la fabuleuse Anne F., celle de B. Jahrel et celle du narrateur, un professeur de Fran\u00e7ais d\u00e9sesp\u00e9r\u00e9 du monde auquel il fait face, ce monde qu&rsquo;il a \u00ab\u00a0cr\u00e9\u00e9\u00a0\u00bb. Ce livre parle d&rsquo;un acte terroriste commis par B. Jahrel, quand celui-ci avait quinze ans, lors d&rsquo;un marathon parisien o\u00f9 se trouvait le p\u00e8re du professeur, narrateur. Un soir o\u00f9 il d\u00e9cide de se donner la mort, tellement sa culpabilit\u00e9 est indescriptible, il fait revivre Anne Frank \u00e0 travers ce livre. Celle-ci morte \u00e0 quinze ans dans un camp nazi a racont\u00e9 sa vie dans un journal, ses perceptions de la vie. C&rsquo;\u00e9tait un mod\u00e8le pour lui mais aussi pour tout le reste du monde, c&rsquo;est une force, on peut dire. Anne F. \u00e9tait juive, elle et le reste de sa famille, hormis son p\u00e8re, meurent. Alors, ce professeur qui est au bord de l&rsquo;effondrement la fait rena\u00eetre, il parle \u00e0 sa place, pour lui ; elle et son livre auraient pu sauver B. Jahrel de son acte impardonnable. Mais un jour d&rsquo;\u00e9cole o\u00f9 ce professeur faisait son cours, B. Jahrel, cet \u00e9l\u00e8ve brillant, timide et tout \u00e0 fait respectable, a br\u00fbl\u00e9 ce fameux livre d&rsquo;Anne Frank, tant aim\u00e9 par le professeur de Fran\u00e7ais qui l&rsquo;avait d\u00e9couvert et appr\u00e9ci\u00e9 \u00e0 ses quinze ans. Alors il a mis B. Jahrel \u00e0 la porte et l&rsquo;a abandonn\u00e9 pour toujours, ce jeune gar\u00e7on si ignorant de ce que pouvait \u00eatre la vie, l&rsquo;humanit\u00e9. Ce jeune homme, apr\u00e8s cela, a commis ce crime, mettant ainisi tant de culpabilit\u00e9 dans la vie d&rsquo;un homme qui ne se remettra jamais d&rsquo;avoir abandonn\u00e9 ce gar\u00e7on plein d&rsquo;envies. On voit la vie d&rsquo;Anne F. \u00e0 travers ce livre, sa vision d&rsquo;un monde meilleur, son r\u00eave de devenir une femme ind\u00e9pendante et sa passion d&rsquo;\u00e9crire, on nous raconte ses histoires d&rsquo;amour&#8230; Le professeur la voyait adulte comme politicienne, philosophe ou \u00e9crivain. C&rsquo;\u00e9tait sa \u00abs\u0153ur juive\u00bb. Cet homme effondr\u00e9 a voulu se donner la mort, mais avec la force des paroles d&rsquo;Anne, il d\u00e9cide de ne pas mettre fin \u00e0 ses jours. <\/span><\/span><\/p>\n<h3 align=\"LEFT\"><span face=\"Calibri, sans-serif\"><span size=\"3\"><span style=\"color: #ff99cc;\">Floril\u00e8ge de citations\u00a0<\/span> <\/span><\/span><\/h3>\n<p align=\"JUSTIFY\"><span face=\"Calibri, sans-serif\"><span size=\"3\">\u00ab\u00a0 La vie nous fait croiser des coeurs et des corps jusqu\u2019\u00e0 celui ou celle qui p\u00e8sera le plus sur notre peau, dans nos pens\u00e9es, le long de nos veines.\u00a0\u00bb<\/span><\/span><\/p>\n<p align=\"JUSTIFY\"><span face=\"Calibri, sans-serif\"><span size=\"3\">\u00ab\u00a0Vous \u00eates morts, mais rien de bon ne peut rena\u00eetre.\u00a0\u00bb <\/span><\/span><\/p>\n<p align=\"JUSTIFY\"><span face=\"Calibri, sans-serif\"><span size=\"3\">\u00ab\u00a0Les morts ne rel\u00e8vent pas les vivants et les vivants ne rel\u00e8vent pas les morts. Il ne reste que la m\u00e9moire.<\/span><\/span><\/p>\n<p align=\"JUSTIFY\"><span face=\"Calibri, sans-serif\"><span size=\"3\">Si je me souviens, je suis vivant. <\/span><\/span><\/p>\n<p align=\"JUSTIFY\"><span face=\"Calibri, sans-serif\"><span size=\"3\">Si je suis vivant, l&rsquo;humanit\u00e9 se souvient.\u00a0\u00bb<\/span><\/span><\/p>\n<p align=\"JUSTIFY\"><span face=\"Calibri, sans-serif\"><span size=\"3\">\u00ab\u00a0La paix na\u00eetra lorsque les hommes et les femmes chercheront l&rsquo;Autre dans le miroir.\u00a0\u00bb <\/span><\/span><\/p>\n<p align=\"JUSTIFY\"><span face=\"Calibri, sans-serif\"><span size=\"3\">\u00ab\u00a0Si sauver un homme sauve l&rsquo;humanit\u00e9, en laisser un aux mains de la haine la tue.\u00a0\u00bb<\/span><\/span><\/p>\n<p align=\"JUSTIFY\"><span face=\"Calibri, sans-serif\"><span size=\"3\">\u00ab\u00a0Esp\u00e9rer est la chose la plus difficile quand la solitude s&rsquo;est empar\u00e9e d&rsquo;un \u00eatre.\u00a0\u00bb<\/span><\/span><\/p>\n<p align=\"JUSTIFY\"><span face=\"Calibri, sans-serif\"><span size=\"3\">\u00ab\u00a0Si chaque vie a le poids d&rsquo;un regard, c&rsquo;est celui de l&rsquo;Autre.\u00a0\u00bb<\/span><\/span><\/p>\n<p align=\"JUSTIFY\"><span face=\"Calibri, sans-serif\"><span size=\"3\">\u00ab\u00a0T&rsquo;\u00e9crire m&rsquo;aide \u00e0 me sentir moins irr\u00e9el, un peu plus vivant.\u00a0\u00bb <\/span><\/span><\/p>\n<h3 align=\"LEFT\"><span face=\"Calibri, sans-serif\"><span size=\"3\"><span style=\"color: #ff99cc;\">Mon avis, mes impressions et \u00e9motions\u00a0<\/span> <\/span><\/span><\/h3>\n<p align=\"JUSTIFY\"><span face=\"Calibri, sans-serif\"><span size=\"3\">Tout d&rsquo;abord je vous conseille fortement \u00e0 lire ce livre, il est fabuleux, magnifique. Je reconnais que le vocabulaire employ\u00e9 quelques fois est un peu complexe, j&rsquo;ai d\u00fb relire plusieurs fois quelques phrases, surtout moi qui ne lis pas beaucoup. Ce livre m&rsquo;a beaucoup plu\u00a0: il est tr\u00e8s philosophique et il fait r\u00e9fl\u00e9chir sur la vie, la fa\u00e7on de penser, de voir les choses\u00a0; il fait aussi changer les avis des gens, il donne une autre image du monde, de la r\u00e9alit\u00e9. <\/span><\/span><\/p>\n<p align=\"JUSTIFY\"><span face=\"Calibri, sans-serif\"><span size=\"3\">Moi qui ne lis pas beaucoup, \u00e0 chaque fois que je lisais ce livre, je n&rsquo;avais pas envie de m\u2019arr\u00eater et je continuais \u00e0 tourner les pages en voulant savoir la suite, entendre quelqu&rsquo;un parler d&rsquo;une mani\u00e8re si belle. Chaque mot \u00e9crit est r\u00e9fl\u00e9chi et bien plac\u00e9. Ils veulent tous dire quelque chose de si intense. Quand on lit ce livre, on a envie de lire \u00ab\u00a0le journal d&rsquo;Anne Frank\u00a0\u00bb , moi qui ne l&rsquo;ai pas lu, je vais le lire. Les deux sont li\u00e9s. <\/span><\/span><\/p>\n<h3 align=\"LEFT\"><span style=\"color: #ff99cc;\" face=\"Calibri, sans-serif\"><span size=\"2\">Hafid Aggoune <\/span><\/span><\/h3>\n<p align=\"LEFT\"><span face=\"Calibri, sans-serif\"><span size=\"2\">Hafid Aggoune est n\u00e9 \u00e0 Saint-Etienne en 1973. C&rsquo;est un \u00e9crivain Fran\u00e7ais. <\/span><\/span><\/p>\n<p align=\"LEFT\"><span face=\"Calibri, sans-serif\"><span size=\"2\">Ayant v\u00e9cu \u00e0 Saint-Etienne jusqu\u2019\u00e0 l&rsquo;\u00e2ge de 20ans, il s&rsquo;engage ensuite dans des \u00e9tudes de lettres modernes et d&rsquo;histoire de l&rsquo;art \u00e0 Lyon, il \u00e9crit son premier roman dans cette p\u00e9riode. <\/span><\/span><\/p>\n<p><span face=\"Calibri, sans-serif\"><span size=\"2\">C&rsquo;est \u00e0 Aix-en-Provence qu&rsquo;il entame une formation aux m\u00e9tiers du livre, \u00e0 la cit\u00e9 du livre, tout en travaillant son premier manuscrit.<\/span><\/span><\/p>\n<p><span face=\"Calibri, sans-serif\"><span size=\"2\">Apr\u00e8s un premier passage \u00e0 Paris, un long s\u00e9jour \u00e0 Venise et un retour \u00e0 Aix-en-Provence, il vit depuis 2002 \u00e0 Paris. <\/span><\/span><\/p>\n<h3><span face=\"Calibri, sans-serif\"><span size=\"3\">Camille Cabrolier. 2nd2<\/span><\/span><\/h3>\n","protected":false},"excerpt":{"rendered":"<p>\u00a0 Extrait lu par Ce livre pr\u00e9sente en r\u00e9alit\u00e9 deux histoires en m\u00eame temps. Il met trois personnes en relation\u00a0: celle de la fabuleuse Anne F., celle de B. Jahrel et celle du narrateur, un professeur de Fran\u00e7ais d\u00e9sesp\u00e9r\u00e9 du monde auquel il fait face, ce monde qu&rsquo;il a \u00ab\u00a0cr\u00e9\u00e9\u00a0\u00bb. Ce livre parle d&rsquo;un acte [&hellip;]<\/p>\n","protected":false},"author":1,"featured_media":0,"comment_status":"closed","ping_status":"closed","sticky":false,"template":"","format":"standard","meta":{"ngg_post_thumbnail":0},"categories":[4],"tags":[],"blocksy_meta":{"styles_descriptor":{"styles":{"desktop":"","tablet":"","mobile":""},"google_fonts":[],"version":6}},"_links":{"self":[{"href":"https:\/\/pbellevue.libreedu.ovh\/productions\/wpcdi\/index.php\/wp-json\/wp\/v2\/posts\/547"}],"collection":[{"href":"https:\/\/pbellevue.libreedu.ovh\/productions\/wpcdi\/index.php\/wp-json\/wp\/v2\/posts"}],"about":[{"href":"https:\/\/pbellevue.libreedu.ovh\/productions\/wpcdi\/index.php\/wp-json\/wp\/v2\/types\/post"}],"author":[{"embeddable":true,"href":"https:\/\/pbellevue.libreedu.ovh\/productions\/wpcdi\/index.php\/wp-json\/wp\/v2\/users\/1"}],"replies":[{"embeddable":true,"href":"https:\/\/pbellevue.libreedu.ovh\/productions\/wpcdi\/index.php\/wp-json\/wp\/v2\/comments?post=547"}],"version-history":[{"count":3,"href":"https:\/\/pbellevue.libreedu.ovh\/productions\/wpcdi\/index.php\/wp-json\/wp\/v2\/posts\/547\/revisions"}],"predecessor-version":[{"id":572,"href":"https:\/\/pbellevue.libreedu.ovh\/productions\/wpcdi\/index.php\/wp-json\/wp\/v2\/posts\/547\/revisions\/572"}],"wp:attachment":[{"href":"https:\/\/pbellevue.libreedu.ovh\/productions\/wpcdi\/index.php\/wp-json\/wp\/v2\/media?parent=547"}],"wp:term":[{"taxonomy":"category","embeddable":true,"href":"https:\/\/pbellevue.libreedu.ovh\/productions\/wpcdi\/index.php\/wp-json\/wp\/v2\/categories?post=547"},{"taxonomy":"post_tag","embeddable":true,"href":"https:\/\/pbellevue.libreedu.ovh\/productions\/wpcdi\/index.php\/wp-json\/wp\/v2\/tags?post=547"}],"curies":[{"name":"wp","href":"https:\/\/api.w.org\/{rel}","templated":true}]}}